{"id":64881,"date":"2023-12-08T18:51:51","date_gmt":"2023-12-08T22:51:51","guid":{"rendered":"https:\/\/cobertura.com.do\/?p=64881"},"modified":"2023-12-08T18:51:51","modified_gmt":"2023-12-08T22:51:51","slug":"magistrado-ray-guevara-recibe-reconocimiento-de-la-camara-americana-de-comercio-por-sus-aportes-a-la-jurisprudencia-constitucional","status":"publish","type":"post","link":"https:\/\/cobertura.com.do\/vok\/2023\/12\/08\/magistrado-ray-guevara-recibe-reconocimiento-de-la-camara-americana-de-comercio-por-sus-aportes-a-la-jurisprudencia-constitucional\/","title":{"rendered":"Magistrado Ray Guevara recibe reconocimiento de la C\u00e1mara Americana de Comercio por sus aportes a la jurisprudencia constitucional"},"content":{"rendered":"<hr \/>\n<p style=\"font-weight: 400;\"><span class=\"dropcap\">S<\/span>anto Domingo.-\u00a0 El presidente del Tribunal Constitucional (TC), magistrado Milton Ray Guevara, fue reconocido por la C\u00e1mara Americana de Comercio de la Rep\u00fablica Dominicana (AMCHAMDR) por su compromiso y significativos aportes al desarrollo de la jurisprudencia constitucional, durante un acto en el cual ofreci\u00f3 la conferencia \u00abEl esfuerzo colectivo a favor al servicio de la justicia constitucional\u00bb.<\/p>\n<p style=\"font-weight: 400;\">En su ponencia, el magistrado realiz\u00f3 un reencuentro de los hechos que permitieron que hoy el pa\u00eds cuente con esta alta corte que \u2014asegur\u00f3\u2014 es un instrumento del pueblo dominicano, que \u00abno se arrodilla ante el poder pol\u00edtico, ni ante el poder econ\u00f3mico, ni frente al poder extranjero, ni frente al poder nacional\u00bb.<\/p>\n<p style=\"font-weight: 400;\">Ray Guevara manifest\u00f3 que el tribunal ha jugado un papel pacificador, ya que en la medida en que se reparan las violaciones de los derechos fundamentales, se eliminan las ra\u00edces de la violencia y del desasosiego de la sociedad.<\/p>\n<p style=\"font-weight: 400;\">\u00abY por eso uno se da cuenta de que el sector empresarial, los trabajadores, los obreros, los campesinos, le han tomado un cari\u00f1o, realmente, que nosotros agradecemos enormemente, un cari\u00f1o al Tribunal Constitucional\u00bb, agreg\u00f3.<\/p>\n<p style=\"font-weight: 400;\">Para dar a entender los sucesos acontecidos antes de la creaci\u00f3n de esta alta corte, el magistrado Ray Guevara comenz\u00f3 explicando que la Constituci\u00f3n dominicana de 1844 adopt\u00f3 el sistema de control constitucional que ten\u00eda para ese entonces los Estados Unidos.<\/p>\n<p style=\"font-weight: 400;\">Dijo que ya para los a\u00f1os 70, la realidad pol\u00edtica dominicana planteaba retos muy importantes relativos a la protecci\u00f3n de los derechos fundamentales, y es entonces cuando surgi\u00f3 la idea de crear un tribunal de garant\u00edas constitucionales, la cual trajo una serie de cuestionamientos y debates.<\/p>\n<p style=\"font-weight: 400;\">En 1994 se le otorg\u00f3 a la Suprema Corte de Justicia (SCJ) la facultad de conocer la inconstitucionalidad de las leyes, decretos y otras ordenanzas, con lo que \u00abYa nosotros vamos caminando lentamente hacia lo que se produce el 26 de enero del 2010, cuando se crea el Tribunal Constitucional en el marco de una reforma que es la que ha determinado que los m\u00e1s destacados juristas espa\u00f1oles, empezando por Diego L\u00f3pez Garrido, dijeran que esa constituci\u00f3n es la m\u00e1s avanzada de Iberoamericana, porque se hizo en absoluta libertad\u00bb, expuso.<\/p>\n<p style=\"font-weight: 400;\">En ese sentido, el magistrado Ray Guevara explic\u00f3 que, tras la realizaci\u00f3n de una consulta popular y la concertaci\u00f3n entre los actores del sistema, se lleg\u00f3 la conclusi\u00f3n de crear esta alta corte, lo que qued\u00f3 establecido en la reforma constitucional del 2010, aunque hab\u00eda pesimismo sobre su pertinencia.<\/p>\n<p style=\"font-weight: 400;\">El juez presidente manifest\u00f3 que, a casi doce a\u00f1os de estar en funcionamiento, el TC ha logrado superar grandes desaf\u00edos bas\u00e1ndose en la organizaci\u00f3n estrat\u00e9gica y que poco a poco se fue institucionalizando.<\/p>\n<p style=\"font-weight: 400;\">Fruto de ello, a la fecha se han emitido m\u00e1s de siete mil sentencias, adem\u00e1s de que esta corte ha cumplido con su deber pedag\u00f3gico de promocionar el estudio de la Constituci\u00f3n.<\/p>\n<p style=\"font-weight: 400;\">Sobre este particular, reiter\u00f3 que se debe educar a los estudiantes de primaria y secundaria sobre la carta magna. \u00abEducar en Constituci\u00f3n es educar en democracia\u2026 no hay democracia sin justicia constitucional\u00bb, expres\u00f3.<\/p>\n<p style=\"font-weight: 400;\"><strong>Reconocen al magistrado presidente<\/strong><\/p>\n<p style=\"font-weight: 400;\">La C\u00e1mara Americana de Comercio de la Rep\u00fablica Dominicana (AMCHAMDR) reconoci\u00f3 al magistrado Ray Guevara por su compromiso y significativos aportes al desarrollo de la jurisprudencia constitucional.<\/p>\n<p style=\"font-weight: 400;\">La distinci\u00f3n le fue entregada por directivos de la entidad, y durante el acto, su presidente, Edwin de los Santos, destac\u00f3 las cualidades del magistrado, a quien defini\u00f3 como un ciudadano ejemplar.<\/p>\n<p style=\"font-weight: 400;\">La placa precisa que el magistrado Ray Guevara, \u00aba trav\u00e9s de una vida dedicada al estudio de las ciencias jur\u00eddicas, ha liderado el Tribunal Constitucional Dominicano para que cumpla su funci\u00f3n de garante de la protecci\u00f3n efectiva de los derechos sustantivos y asegure el tr\u00e1nsito hacia un Estado social y democr\u00e1tico de derecho\u00bb.<\/p>\n<p style=\"font-weight: 400;\">El juez presidente agradeci\u00f3 el gesto y dijo que recibirlo le hace sentir que todav\u00eda puede hacer muchas cosas y estar al servicio de los dem\u00e1s.<\/p>\n<p style=\"font-weight: 400;\">La licenciada Fabiola Medina, miembro del comit\u00e9 legal de la AMCHAMDR, resalt\u00f3 tambi\u00e9n la trayectoria de los magistrados Rafael D\u00edaz Filpo, primer sustituto del presidente; Lino V\u00e1squez S\u00e1muel, segundo sustituto; V\u00edctor Joaqu\u00edn Castellanos Pizano y Justo Pedro Castellanos Khoury, quienes junto al magistrado presidente completan sus funciones en el TC a final de este mes.<\/p>\n<p style=\"font-weight: 400;\">Al acto asistieron, adem\u00e1s de los antes mencionados (exceptuando V\u00e1squez S\u00e1muel), los magistrados Jos\u00e9 Alejandro Ayuso, Alba Luisa Beard Marcos, Manuel Ulises Bonnelly Vega, Mar\u00eda del Carmen Santana de Cabrera, Jos\u00e9 Alejandro Vargas Guerrero y Eunisis V\u00e1squez Acosta.<\/p>\n<p style=\"font-weight: 400;\">Tambi\u00e9n estuvieron presentes servidores constitucionales, directivos de la AMCHAMDR y empresarios.<\/p>\n<p style=\"font-weight: 400;\">\n<p style=\"font-weight: 400;\">\n","protected":false},"excerpt":{"rendered":"<p>Santo Domingo.-\u00a0 El presidente del Tribunal Constitucional (TC), magistrado Milton Ray Guevara, fue reconocido por la C\u00e1mara Americana de Comercio de la Rep\u00fablica Dominicana (AMCHAMDR) por su compromiso y significativos aportes al desarrollo de la jurisprudencia constitucional, durante un acto en el cual ofreci\u00f3 la conferencia \u00abEl esfuerzo colectivo a favor al servicio de la [&hellip;]<\/p>\n","protected":false},"author":1,"featured_media":64882,"comment_status":"open","ping_status":"open","sticky":false,"template":"","format":"standard","meta":{"footnotes":""},"categories":[9],"tags":[],"class_list":["post-64881","post","type-post","status-publish","format-standard","has-post-thumbnail","hentry","category-justicia"],"_links":{"self":[{"href":"https:\/\/cobertura.com.do\/vok\/wp-json\/wp\/v2\/posts\/64881","targetHints":{"allow":["GET"]}}],"collection":[{"href":"https:\/\/cobertura.com.do\/vok\/wp-json\/wp\/v2\/posts"}],"about":[{"href":"https:\/\/cobertura.com.do\/vok\/wp-json\/wp\/v2\/types\/post"}],"author":[{"embeddable":true,"href":"https:\/\/cobertura.com.do\/vok\/wp-json\/wp\/v2\/users\/1"}],"replies":[{"embeddable":true,"href":"https:\/\/cobertura.com.do\/vok\/wp-json\/wp\/v2\/comments?post=64881"}],"version-history":[{"count":0,"href":"https:\/\/cobertura.com.do\/vok\/wp-json\/wp\/v2\/posts\/64881\/revisions"}],"wp:featuredmedia":[{"embeddable":true,"href":"https:\/\/cobertura.com.do\/vok\/wp-json\/wp\/v2\/media\/64882"}],"wp:attachment":[{"href":"https:\/\/cobertura.com.do\/vok\/wp-json\/wp\/v2\/media?parent=64881"}],"wp:term":[{"taxonomy":"category","embeddable":true,"href":"https:\/\/cobertura.com.do\/vok\/wp-json\/wp\/v2\/categories?post=64881"},{"taxonomy":"post_tag","embeddable":true,"href":"https:\/\/cobertura.com.do\/vok\/wp-json\/wp\/v2\/tags?post=64881"}],"curies":[{"name":"wp","href":"https:\/\/api.w.org\/{rel}","templated":true}]}}