{"id":65209,"date":"2024-01-18T15:54:55","date_gmt":"2024-01-18T19:54:55","guid":{"rendered":"https:\/\/cobertura.com.do\/?p=65209"},"modified":"2024-01-18T15:54:55","modified_gmt":"2024-01-18T19:54:55","slug":"conoceran-medida-de-coercion-a-dylon-baby","status":"publish","type":"post","link":"https:\/\/cobertura.com.do\/vok\/2024\/01\/18\/conoceran-medida-de-coercion-a-dylon-baby\/","title":{"rendered":"Conocer\u00e1n medida de coerci\u00f3n a Dylon Baby"},"content":{"rendered":"<hr \/>\n<p style=\"font-weight: 400;\"><span class=\"dropcap\">S<\/span>anto Domingo.<strong>&#8211;<\/strong>\u00a0Procuradur\u00eda Fiscal Santo Domingo Oeste, a trav\u00e9s de la Unidad de Prevenci\u00f3n y Persecuci\u00f3n de la Violencia de G\u00e9nero, Intrafamiliar y Delitos Sexuales, deposit\u00f3 este jueves ante la Oficina de Atenci\u00f3n Permanente de este distrito judicial, la solicitud de medida de coerci\u00f3n en contra de Steven Antonio Dilon\u00e9 Serrata, conocido en el ambiente art\u00edstico como Dilon Baby.<\/p>\n<p style=\"font-weight: 400;\">El Ministerio P\u00fablico, representado por la procuradora fiscal Nancy Abreu, de la Unidad de Prevenci\u00f3n y Persecuci\u00f3n de la Violencia de G\u00e9nero, Intrafamiliar y Delitos Sexuales de esta jurisdicci\u00f3n, deposit\u00f3 este jueves la solicitud de medida de coerci\u00f3n en contra de Dilon\u00e9 Serrata, en la que ha pedido la imposici\u00f3n de la prisi\u00f3n preventiva.<\/p>\n<p style=\"font-weight: 400;\">En el expediente, el Ministerio P\u00fablico se\u00f1ala que Dilon\u00e9 Serrara explotaba sexualmente y laboralmente a la adolescente de 16 a\u00f1os.<\/p>\n<p style=\"font-weight: 400;\">En el mismo, el Ministerio P\u00fablico le ha otorgado al presente proceso la calificaci\u00f3n jur\u00eddica provisional que estable la violaci\u00f3n de los art\u00edculos 147 309-1, 309-2 y 331 del C\u00f3digo Penal Dominicano, que castigan la falsedad, violaci\u00f3n sexual y violencia de g\u00e9nero y dom\u00e9stica; as\u00ed como tambi\u00e9n la falta a los art\u00edculos 12, 18, 21, 22, 25, 26, 396 literales A, B y C, 408, 409, 410, 411 y 412\u00a0 de la Ley 136-03, que penaliza la falta a los derechos a la intimidad, integridad, imagen, prostituci\u00f3n,\u00a0 pornograf\u00eda, comercializaci\u00f3n y explotaci\u00f3n sexual infantil, uso y difusi\u00f3n de im\u00e1genes de menor de edad, y a los art\u00edculos 4 y 24 de la Ley 53-07, sobre pornograf\u00eda infantil en l\u00ednea.<\/p>\n","protected":false},"excerpt":{"rendered":"<p>Santo Domingo.&#8211;\u00a0Procuradur\u00eda Fiscal Santo Domingo Oeste, a trav\u00e9s de la Unidad de Prevenci\u00f3n y Persecuci\u00f3n de la Violencia de G\u00e9nero, Intrafamiliar y Delitos Sexuales, deposit\u00f3 este jueves ante la Oficina de Atenci\u00f3n Permanente de este distrito judicial, la solicitud de medida de coerci\u00f3n en contra de Steven Antonio Dilon\u00e9 Serrata, conocido en el ambiente art\u00edstico [&hellip;]<\/p>\n","protected":false},"author":1,"featured_media":64995,"comment_status":"open","ping_status":"open","sticky":false,"template":"","format":"standard","meta":{"footnotes":""},"categories":[9,3],"tags":[],"class_list":["post-65209","post","type-post","status-publish","format-standard","has-post-thumbnail","hentry","category-justicia","category-portada"],"_links":{"self":[{"href":"https:\/\/cobertura.com.do\/vok\/wp-json\/wp\/v2\/posts\/65209","targetHints":{"allow":["GET"]}}],"collection":[{"href":"https:\/\/cobertura.com.do\/vok\/wp-json\/wp\/v2\/posts"}],"about":[{"href":"https:\/\/cobertura.com.do\/vok\/wp-json\/wp\/v2\/types\/post"}],"author":[{"embeddable":true,"href":"https:\/\/cobertura.com.do\/vok\/wp-json\/wp\/v2\/users\/1"}],"replies":[{"embeddable":true,"href":"https:\/\/cobertura.com.do\/vok\/wp-json\/wp\/v2\/comments?post=65209"}],"version-history":[{"count":0,"href":"https:\/\/cobertura.com.do\/vok\/wp-json\/wp\/v2\/posts\/65209\/revisions"}],"wp:featuredmedia":[{"embeddable":true,"href":"https:\/\/cobertura.com.do\/vok\/wp-json\/wp\/v2\/media\/64995"}],"wp:attachment":[{"href":"https:\/\/cobertura.com.do\/vok\/wp-json\/wp\/v2\/media?parent=65209"}],"wp:term":[{"taxonomy":"category","embeddable":true,"href":"https:\/\/cobertura.com.do\/vok\/wp-json\/wp\/v2\/categories?post=65209"},{"taxonomy":"post_tag","embeddable":true,"href":"https:\/\/cobertura.com.do\/vok\/wp-json\/wp\/v2\/tags?post=65209"}],"curies":[{"name":"wp","href":"https:\/\/api.w.org\/{rel}","templated":true}]}}