{"id":74372,"date":"2026-05-29T21:05:53","date_gmt":"2026-05-29T21:05:53","guid":{"rendered":"https:\/\/cobertura.com.do\/vok\/?p=74372"},"modified":"2026-05-29T21:06:09","modified_gmt":"2026-05-29T21:06:09","slug":"entre-piel-y-flores-una-experiencia-para-celebrar-y-cuidar-a-mama","status":"publish","type":"post","link":"https:\/\/cobertura.com.do\/vok\/2026\/05\/29\/entre-piel-y-flores-una-experiencia-para-celebrar-y-cuidar-a-mama\/","title":{"rendered":"Entre piel y flores: una experiencia para celebrar y cuidar a mam\u00e1"},"content":{"rendered":"<p><span class=\"dropcap dropcap1\">S<\/span>ANTO DOMINGO.-En un ambiente cargado de armon\u00eda, belleza y bienestar, se realiz\u00f3 la actividad \u201cEntre piel y flores\u201d, un encuentro especialmente dise\u00f1ado para homenajear a las madres y recordarles la importancia de dedicar tiempo al cuidado personal, el amor propio y la salud de su piel.<\/p>\n<p>La experiencia estuvo inspirada en el concepto de florecer en cada etapa de la vida, reconociendo el valor de regalarse cari\u00f1o y atenci\u00f3n.<br \/>\nDurante la jornada, las asistentes participaron en una enriquecedora conversaci\u00f3n sobre el proceso de envejecimiento y los factores que pueden acelerarlo, entre ellos la falta de cuidados adecuados, la exposici\u00f3n solar, el estr\u00e9s y el da\u00f1o oxidativo. Adem\u00e1s, se abord\u00f3 el impacto que actualmente pueden generar tratamientos como los GLP-1, incluyendo semaglutide y tirzepatida, en la apariencia y calidad de la piel.<br \/>\nComo parte de las soluciones presentadas, se dio a conocer el protocolo \u201cSpanish Glow\u201d, una innovadora propuesta que combina estimuladores, skinboosters y vitaminas para el \u00e1rea ocular, especialmente en el tratamiento de ojeras. Este protocolo busca devolver luminosidad, mejorar la textura de la piel, disminuir arrugas y minimizar la apariencia de los poros, ofreciendo un aspecto m\u00e1s saludable y rejuvenecido.<br \/>\nM\u00e1s all\u00e1 del aprendizaje y el cuidado est\u00e9tico, el encuentro permiti\u00f3 a las participantes compartir un momento especial y relajante a trav\u00e9s de la creaci\u00f3n de arreglos florales, una actividad que llen\u00f3 el espacio de creatividad, conexi\u00f3n y alegr\u00eda entre las presentes.<br \/>\nLa actividad estuvo a cargo de la Dra. Katherin Almonte, especialista en medicina est\u00e9tica y antienvejecimiento, quien reafirm\u00f3 la importancia de acompa\u00f1ar a las mujeres en procesos integrales de bienestar, record\u00e1ndoles que cuidar de s\u00ed mismas tambi\u00e9n es una forma de florecer.<\/p>\n<p>&nbsp;<\/p>\n<p>&nbsp;<\/p>\n","protected":false},"excerpt":{"rendered":"<p>SANTO DOMINGO.-En un ambiente cargado de armon\u00eda, belleza y bienestar, se realiz\u00f3 la actividad \u201cEntre piel y flores\u201d, un encuentro especialmente dise\u00f1ado para homenajear a las madres y recordarles la importancia de dedicar tiempo al cuidado personal, el amor propio y la salud de su piel. La experiencia estuvo inspirada en el concepto de florecer [&hellip;]<\/p>\n","protected":false},"author":3,"featured_media":74373,"comment_status":"open","ping_status":"closed","sticky":false,"template":"","format":"standard","meta":{"footnotes":""},"categories":[2,4,3],"tags":[],"class_list":["post-74372","post","type-post","status-publish","format-standard","has-post-thumbnail","hentry","category-actualidad","category-nacionales","category-portada"],"_links":{"self":[{"href":"https:\/\/cobertura.com.do\/vok\/wp-json\/wp\/v2\/posts\/74372","targetHints":{"allow":["GET"]}}],"collection":[{"href":"https:\/\/cobertura.com.do\/vok\/wp-json\/wp\/v2\/posts"}],"about":[{"href":"https:\/\/cobertura.com.do\/vok\/wp-json\/wp\/v2\/types\/post"}],"author":[{"embeddable":true,"href":"https:\/\/cobertura.com.do\/vok\/wp-json\/wp\/v2\/users\/3"}],"replies":[{"embeddable":true,"href":"https:\/\/cobertura.com.do\/vok\/wp-json\/wp\/v2\/comments?post=74372"}],"version-history":[{"count":1,"href":"https:\/\/cobertura.com.do\/vok\/wp-json\/wp\/v2\/posts\/74372\/revisions"}],"predecessor-version":[{"id":74374,"href":"https:\/\/cobertura.com.do\/vok\/wp-json\/wp\/v2\/posts\/74372\/revisions\/74374"}],"wp:featuredmedia":[{"embeddable":true,"href":"https:\/\/cobertura.com.do\/vok\/wp-json\/wp\/v2\/media\/74373"}],"wp:attachment":[{"href":"https:\/\/cobertura.com.do\/vok\/wp-json\/wp\/v2\/media?parent=74372"}],"wp:term":[{"taxonomy":"category","embeddable":true,"href":"https:\/\/cobertura.com.do\/vok\/wp-json\/wp\/v2\/categories?post=74372"},{"taxonomy":"post_tag","embeddable":true,"href":"https:\/\/cobertura.com.do\/vok\/wp-json\/wp\/v2\/tags?post=74372"}],"curies":[{"name":"wp","href":"https:\/\/api.w.org\/{rel}","templated":true}]}}