{"id":74375,"date":"2026-05-29T21:24:41","date_gmt":"2026-05-29T21:24:41","guid":{"rendered":"https:\/\/cobertura.com.do\/vok\/?p=74375"},"modified":"2026-05-29T21:24:41","modified_gmt":"2026-05-29T21:24:41","slug":"presidente-abinader-inaugura-carretera-enriquillo-el-higuero-en-barahona-que-impactara-a-mas-de-300-mil-habitantes","status":"publish","type":"post","link":"https:\/\/cobertura.com.do\/vok\/2026\/05\/29\/presidente-abinader-inaugura-carretera-enriquillo-el-higuero-en-barahona-que-impactara-a-mas-de-300-mil-habitantes\/","title":{"rendered":"Presidente Abinader inaugura carretera Enriquillo\u2013El Hig\u00fcero en Barahona que impactar\u00e1 a m\u00e1s de 300 mil habitantes"},"content":{"rendered":"<p>&nbsp;<\/p>\n<p>&nbsp;<\/p>\n<p>Fortalecer\u00e1 el turismo, comercio y conectividad de la regi\u00f3n sur<\/p>\n<p>Eduardo Estrella, destaca visi\u00f3n y seguimiento permanente del presidente Abinader para transformar el sur con obras que acercan desarrollo y oportunidades<\/p>\n<p>Barahona.\u2013 El presidente Luis Abinader inaugur\u00f3 este viernes la carretera Enriquillo\u2013El Hig\u00fcero, una obra de 13.5 kil\u00f3metros ejecutada a trav\u00e9s del Ministerio de Obras P\u00fablicas y Comunicaciones (MOPC), que impactar\u00e1 a m\u00e1s de 300 mil habitantes del suroeste, fortalecer\u00e1 la conectividad regional y dinamizar\u00e1 el turismo, el comercio, la agricultura y nuevas oportunidades de desarrollo en el sur del pa\u00eds.<\/p>\n<p>Con la entrega de esta v\u00eda, culmina una espera de a\u00f1os para cientos de familias de la regi\u00f3n, al conectar las comunidades de Enriquillo, Cuatro Bocas, Arroyo Dulce, El Naranjal y El Hig\u00fcero, adem\u00e1s de otras localidades rurales de Barahona, facilitando el acceso a servicios esenciales como salud, educaci\u00f3n, comercio y movilidad comunitaria.<\/p>\n<p>Durante el acto, el ministro de Obras P\u00fablicas y Comunicaciones, Eduardo Estrella, destac\u00f3 el compromiso y seguimiento constante del presidente Luis Abinader a las obras que transforman el sur del pa\u00eds, al asegurar que el mandatario impulsa una visi\u00f3n de desarrollo que acerca oportunidades, conectividad y progreso a las comunidades.<\/p>\n<p>Sobre la carretera Enriquillo\u2013El Hig\u00fcero, explic\u00f3 que el tramo inaugurado de 13.5 kil\u00f3metros forma parte de un circuito vial de 52 kil\u00f3metros que conectar\u00e1 de manera m\u00e1s r\u00e1pida y segura a comunidades de Enriquillo, Para\u00edso, Oviedo y Pedernales, constituy\u00e9ndose en una v\u00eda alterna hacia Barahona y Santo Domingo. \u201cEso se llama comunicaci\u00f3n, eso se llama seguridad\u201d, expres\u00f3 el funcionario, al se\u00f1alar que la obra permitir\u00e1 reducir tiempos de desplazamiento, consumo de combustible y costos para las familias y productores de la zona.<\/p>\n","protected":false},"excerpt":{"rendered":"<p>&nbsp; &nbsp; Fortalecer\u00e1 el turismo, comercio y conectividad de la regi\u00f3n sur Eduardo Estrella, destaca visi\u00f3n y seguimiento permanente del presidente Abinader para transformar el sur con obras que acercan desarrollo y oportunidades Barahona.\u2013 El presidente Luis Abinader inaugur\u00f3 este viernes la carretera Enriquillo\u2013El Hig\u00fcero, una obra de 13.5 kil\u00f3metros ejecutada a trav\u00e9s del Ministerio [&hellip;]<\/p>\n","protected":false},"author":3,"featured_media":74376,"comment_status":"open","ping_status":"closed","sticky":false,"template":"","format":"standard","meta":{"footnotes":""},"categories":[2,4,3],"tags":[],"class_list":["post-74375","post","type-post","status-publish","format-standard","has-post-thumbnail","hentry","category-actualidad","category-nacionales","category-portada"],"_links":{"self":[{"href":"https:\/\/cobertura.com.do\/vok\/wp-json\/wp\/v2\/posts\/74375","targetHints":{"allow":["GET"]}}],"collection":[{"href":"https:\/\/cobertura.com.do\/vok\/wp-json\/wp\/v2\/posts"}],"about":[{"href":"https:\/\/cobertura.com.do\/vok\/wp-json\/wp\/v2\/types\/post"}],"author":[{"embeddable":true,"href":"https:\/\/cobertura.com.do\/vok\/wp-json\/wp\/v2\/users\/3"}],"replies":[{"embeddable":true,"href":"https:\/\/cobertura.com.do\/vok\/wp-json\/wp\/v2\/comments?post=74375"}],"version-history":[{"count":1,"href":"https:\/\/cobertura.com.do\/vok\/wp-json\/wp\/v2\/posts\/74375\/revisions"}],"predecessor-version":[{"id":74377,"href":"https:\/\/cobertura.com.do\/vok\/wp-json\/wp\/v2\/posts\/74375\/revisions\/74377"}],"wp:featuredmedia":[{"embeddable":true,"href":"https:\/\/cobertura.com.do\/vok\/wp-json\/wp\/v2\/media\/74376"}],"wp:attachment":[{"href":"https:\/\/cobertura.com.do\/vok\/wp-json\/wp\/v2\/media?parent=74375"}],"wp:term":[{"taxonomy":"category","embeddable":true,"href":"https:\/\/cobertura.com.do\/vok\/wp-json\/wp\/v2\/categories?post=74375"},{"taxonomy":"post_tag","embeddable":true,"href":"https:\/\/cobertura.com.do\/vok\/wp-json\/wp\/v2\/tags?post=74375"}],"curies":[{"name":"wp","href":"https:\/\/api.w.org\/{rel}","templated":true}]}}