{"id":74378,"date":"2026-05-29T21:25:59","date_gmt":"2026-05-29T21:25:59","guid":{"rendered":"https:\/\/cobertura.com.do\/vok\/?p=74378"},"modified":"2026-05-29T21:26:25","modified_gmt":"2026-05-29T21:26:25","slug":"hospital-vinicio-calventi-celebra-el-dia-de-las-madres-con-entrega-de-regalos","status":"publish","type":"post","link":"https:\/\/cobertura.com.do\/vok\/2026\/05\/29\/hospital-vinicio-calventi-celebra-el-dia-de-las-madres-con-entrega-de-regalos\/","title":{"rendered":"Hospital Vinicio Calventi celebra el D\u00eda de las Madres con entrega de regalos."},"content":{"rendered":"<p>&nbsp;<\/p>\n<p>&nbsp;<\/p>\n<p>&nbsp;<\/p>\n<p>Por : Jos\u00e9 Pimentel.<\/p>\n<p><span class=\"dropcap dropcap1\">L<\/span>os Alcarrizos.\u2013 En un ambiente de alegr\u00eda, gratitud y reconocimiento, el director del Hospital Dr. Vinicio Calventi, doctor Jos\u00e9 Alfredo Alfaro, encabez\u00f3 este viernes un emotivo acto en la parte frontal del centro de salud con motivo de la celebraci\u00f3n del D\u00eda de las Madres Dominicanas, que se conmemora este domingo.<\/p>\n<p>Durante la actividad, decenas de colaboradoras del hospital, entre ellas m\u00e9dicas, enfermeras y personal administrativo, fueron agasajadas con la entrega de electrodom\u00e9sticos, regalos y diversos obsequios, como muestra de agradecimiento por la labor que desempe\u00f1an diariamente en favor de la salud de la poblaci\u00f3n.<\/p>\n<p>Al dirigirse a las homenajeadas, el doctor Alfaro destac\u00f3 la dedicaci\u00f3n, el compromiso y la vocaci\u00f3n de servicio de las mujeres que forman parte de la instituci\u00f3n, resaltando el importante papel que desempe\u00f1an tanto en sus hogares como en el \u00e1mbito profesional.<\/p>\n<p>\u201cEn este d\u00eda tan especial quiero expresarles mis m\u00e1s sinceras felicitaciones y exhortarlas a continuar brindando los mejores servicios a nuestros pacientes, con la misma entrega y calidad humana que las caracteriza\u201d, expres\u00f3 el director del centro hospitalario.<\/p>\n<p>La celebraci\u00f3n incluy\u00f3 rifas, entrega de premios, refrigerios, un variado c\u00f3ctel y picaderas, organizados por el Departamento de Recursos Humanos, que se encarg\u00f3 de coordinar cada detalle para que las madres disfrutaran de una jornada especial.<\/p>\n<p>Las participantes agradecieron el gesto de la direcci\u00f3n del hospital, valorando la iniciativa como un reconocimiento a su esfuerzo y dedicaci\u00f3n en el ejercicio de sus funciones.<\/p>\n<p>La actividad forma parte de las acciones que desarrolla la administraci\u00f3n del Hospital Vinicio Calventi para fortalecer la integraci\u00f3n, la motivaci\u00f3n y el bienestar de su personal.<\/p>\n","protected":false},"excerpt":{"rendered":"<p>&nbsp; &nbsp; &nbsp; Por : Jos\u00e9 Pimentel. Los Alcarrizos.\u2013 En un ambiente de alegr\u00eda, gratitud y reconocimiento, el director del Hospital Dr. Vinicio Calventi, doctor Jos\u00e9 Alfredo Alfaro, encabez\u00f3 este viernes un emotivo acto en la parte frontal del centro de salud con motivo de la celebraci\u00f3n del D\u00eda de las Madres Dominicanas, que se [&hellip;]<\/p>\n","protected":false},"author":3,"featured_media":74380,"comment_status":"open","ping_status":"closed","sticky":false,"template":"","format":"standard","meta":{"footnotes":""},"categories":[2,4,3],"tags":[],"class_list":["post-74378","post","type-post","status-publish","format-standard","has-post-thumbnail","hentry","category-actualidad","category-nacionales","category-portada"],"_links":{"self":[{"href":"https:\/\/cobertura.com.do\/vok\/wp-json\/wp\/v2\/posts\/74378","targetHints":{"allow":["GET"]}}],"collection":[{"href":"https:\/\/cobertura.com.do\/vok\/wp-json\/wp\/v2\/posts"}],"about":[{"href":"https:\/\/cobertura.com.do\/vok\/wp-json\/wp\/v2\/types\/post"}],"author":[{"embeddable":true,"href":"https:\/\/cobertura.com.do\/vok\/wp-json\/wp\/v2\/users\/3"}],"replies":[{"embeddable":true,"href":"https:\/\/cobertura.com.do\/vok\/wp-json\/wp\/v2\/comments?post=74378"}],"version-history":[{"count":1,"href":"https:\/\/cobertura.com.do\/vok\/wp-json\/wp\/v2\/posts\/74378\/revisions"}],"predecessor-version":[{"id":74379,"href":"https:\/\/cobertura.com.do\/vok\/wp-json\/wp\/v2\/posts\/74378\/revisions\/74379"}],"wp:featuredmedia":[{"embeddable":true,"href":"https:\/\/cobertura.com.do\/vok\/wp-json\/wp\/v2\/media\/74380"}],"wp:attachment":[{"href":"https:\/\/cobertura.com.do\/vok\/wp-json\/wp\/v2\/media?parent=74378"}],"wp:term":[{"taxonomy":"category","embeddable":true,"href":"https:\/\/cobertura.com.do\/vok\/wp-json\/wp\/v2\/categories?post=74378"},{"taxonomy":"post_tag","embeddable":true,"href":"https:\/\/cobertura.com.do\/vok\/wp-json\/wp\/v2\/tags?post=74378"}],"curies":[{"name":"wp","href":"https:\/\/api.w.org\/{rel}","templated":true}]}}