{"id":74396,"date":"2026-05-30T13:33:04","date_gmt":"2026-05-30T13:33:04","guid":{"rendered":"https:\/\/cobertura.com.do\/vok\/?p=74396"},"modified":"2026-05-30T13:33:04","modified_gmt":"2026-05-30T13:33:04","slug":"agustin-burgos-celebra-dia-de-las-madres-junto-a-mas-de-1000-mujeres-que-respaldan-su-labor-social-en-la-vega","status":"publish","type":"post","link":"https:\/\/cobertura.com.do\/vok\/2026\/05\/30\/agustin-burgos-celebra-dia-de-las-madres-junto-a-mas-de-1000-mujeres-que-respaldan-su-labor-social-en-la-vega\/","title":{"rendered":"Agust\u00edn Burgos celebra D\u00eda de las Madres junto a m\u00e1s de 1,000 mujeres que respaldan su labor social en La Vega"},"content":{"rendered":"<p>&nbsp;<\/p>\n<p>&nbsp;<\/p>\n<p><span class=\"dropcap dropcap1\">L<\/span>a Vega.\u2013 En un multitudinario evento, el doctor Agust\u00edn Burgos conmemor\u00f3 el D\u00eda de las Madres junto a m\u00e1s de 1,000 mujeres que respaldan su incansable labor social en favor de las comunidades veganas.<\/p>\n<p>La celebraci\u00f3n tuvo lugar en el Club de los Mayoristas de La Vega, donde las asistentes disfrutaron de una tarde especial llena de sorpresas, rifas y entrega de regalos, en un gesto que refleja la cercan\u00eda y el compromiso de Burgos con las familias de la provincia.<\/p>\n<p>El doctor Burgos, reconocido por su trabajo en favor del desarrollo social y comunitario, expres\u00f3 su agradecimiento a las madres presentes. Destac\u00f3 el papel fundamental que desempe\u00f1an en la sociedad y en la formaci\u00f3n de valores dentro de las familias.<\/p>\n<p>Como es tradici\u00f3n cada a\u00f1o, el destacado dirigente reuni\u00f3 a cientos de madres para compartir un momento de alegr\u00eda y reconocimiento. Reafirm\u00f3 su compromiso con las iniciativas comunitarias que contribuyen al bienestar de los ciudadanos.<\/p>\n<p>\u201cHoy celebramos no solo el amor, la entrega y el esfuerzo de cada madre aqu\u00ed presente, sino tambi\u00e9n su invaluable aporte al desarrollo de nuestras comunidades\u00bb, declar\u00f3. \u00abLas madres son el pilar fundamental de la familia y merecen todo nuestro respeto y admiraci\u00f3n\u201d, expres\u00f3 Burgos.<\/p>\n<p>Durante la actividad fueron distribuidos cientos de obsequios entre las asistentes, quienes disfrutaron de un encuentro marcado por la integraci\u00f3n, el agradecimiento y la valoraci\u00f3n del rol esencial que desempe\u00f1an las madres en la sociedad.<\/p>\n<p>Los presentes destacaron que este tipo de iniciativas fortalecen los lazos comunitarios y reflejan el esp\u00edritu solidario que ha caracterizado al doctor Burgos a lo largo de los a\u00f1os.<\/p>\n<p>La celebraci\u00f3n reuni\u00f3 a dirigentes, colaboradores y simpatizantes del equipo \u00abYayo\/Burgos\u00bb. Se convirti\u00f3 en una verdadera fiesta en honor a las madres veganas<\/p>\n<p>&nbsp;<\/p>\n","protected":false},"excerpt":{"rendered":"<p>&nbsp; &nbsp; La Vega.\u2013 En un multitudinario evento, el doctor Agust\u00edn Burgos conmemor\u00f3 el D\u00eda de las Madres junto a m\u00e1s de 1,000 mujeres que respaldan su incansable labor social en favor de las comunidades veganas. La celebraci\u00f3n tuvo lugar en el Club de los Mayoristas de La Vega, donde las asistentes disfrutaron de una [&hellip;]<\/p>\n","protected":false},"author":3,"featured_media":74397,"comment_status":"open","ping_status":"closed","sticky":false,"template":"","format":"standard","meta":{"footnotes":""},"categories":[2,4],"tags":[],"class_list":["post-74396","post","type-post","status-publish","format-standard","has-post-thumbnail","hentry","category-actualidad","category-nacionales"],"_links":{"self":[{"href":"https:\/\/cobertura.com.do\/vok\/wp-json\/wp\/v2\/posts\/74396","targetHints":{"allow":["GET"]}}],"collection":[{"href":"https:\/\/cobertura.com.do\/vok\/wp-json\/wp\/v2\/posts"}],"about":[{"href":"https:\/\/cobertura.com.do\/vok\/wp-json\/wp\/v2\/types\/post"}],"author":[{"embeddable":true,"href":"https:\/\/cobertura.com.do\/vok\/wp-json\/wp\/v2\/users\/3"}],"replies":[{"embeddable":true,"href":"https:\/\/cobertura.com.do\/vok\/wp-json\/wp\/v2\/comments?post=74396"}],"version-history":[{"count":1,"href":"https:\/\/cobertura.com.do\/vok\/wp-json\/wp\/v2\/posts\/74396\/revisions"}],"predecessor-version":[{"id":74398,"href":"https:\/\/cobertura.com.do\/vok\/wp-json\/wp\/v2\/posts\/74396\/revisions\/74398"}],"wp:featuredmedia":[{"embeddable":true,"href":"https:\/\/cobertura.com.do\/vok\/wp-json\/wp\/v2\/media\/74397"}],"wp:attachment":[{"href":"https:\/\/cobertura.com.do\/vok\/wp-json\/wp\/v2\/media?parent=74396"}],"wp:term":[{"taxonomy":"category","embeddable":true,"href":"https:\/\/cobertura.com.do\/vok\/wp-json\/wp\/v2\/categories?post=74396"},{"taxonomy":"post_tag","embeddable":true,"href":"https:\/\/cobertura.com.do\/vok\/wp-json\/wp\/v2\/tags?post=74396"}],"curies":[{"name":"wp","href":"https:\/\/api.w.org\/{rel}","templated":true}]}}