{"id":74402,"date":"2026-05-30T17:27:24","date_gmt":"2026-05-30T17:27:24","guid":{"rendered":"https:\/\/cobertura.com.do\/vok\/?p=74402"},"modified":"2026-05-30T17:34:31","modified_gmt":"2026-05-30T17:34:31","slug":"presidenta-de-surinam-arribo-este-sabado-a-republica-dominicana","status":"publish","type":"post","link":"https:\/\/cobertura.com.do\/vok\/2026\/05\/30\/presidenta-de-surinam-arribo-este-sabado-a-republica-dominicana\/","title":{"rendered":"Presidenta de Surinam arrib\u00f3 este s\u00e1bado a Rep\u00fablica Dominicana;"},"content":{"rendered":"<p>&nbsp;<\/p>\n<p>&nbsp;<\/p>\n<p>La agenda oficial incluye reuni\u00f3n con el presidente Luis Abinader, firma de instrumentos y declaraci\u00f3n conjunta<\/p>\n<p>Ser\u00e1 recibida el lunes por el presidente Abinader en el Palacio presidencial<\/p>\n<p>La gobernante sudamericana hablar\u00e1 en una sesi\u00f3n conjunta del Senado y la C\u00e1mara de Diputados<\/p>\n<p><span class=\"dropcap dropcap1\">P<\/span>unta Cana , La Altagracia.- La presidenta de Surinam, Jennifer Geerlings-Simons, arrib\u00f3 la ma\u00f1ana de este s\u00e1bado a la Rep\u00fablica Dominicana para agotar una agenda oficial que se extender\u00e1 hasta el martes 2 de junio.<\/p>\n<p>A su llegada, la jefa de Estado recibi\u00f3 los honores de estilo conforme a su investidura a cargo del Cord\u00f3n\u00a0 Presidencial del Regimiento de la Guardia de Honor del Ministerio de Defensa.<\/p>\n<p>A la gobernante la recibi\u00f3 una comisi\u00f3n de alto nivel del Ministerio de Relaciones Exteriores, el embajador Domiciano en Guyana concurrente en Surinam, Ernesto Torres y el embajador Francisco Cantizano, director de Ceremonial de Estado y Protocolo.<\/p>\n<p>&nbsp;<\/p>\n<p>Acompa\u00f1an a la mandataria, entre otros, los minitros de Relaciones Exteriores, Melvin Bouva, y de Trasporte, Comunicaciones y Turismo, Raymond Landveld.<\/p>\n<p>Estuvo presente en la bienvenida el director de Prensa del Presidente, Carlos Alberto Caminero.<\/p>\n<p>Agenda conjunta de los mandatarios el lunes 1 de junio<\/p>\n<p>Tras completar actividades privadas durante el fin de semana, la mandataria sudamericana ser\u00e1 recibida formalmente el lunes 1 de junio por el presidente Luis Abinader en el Palacio Nacional, donde iniciar\u00e1 el recibimiento protocolar con honores militares a las 10:30 de la ma\u00f1ana en la escalinata frontal de la casa de gobierno.<\/p>\n<p>A las 11:00 de la ma\u00f1ana, ambos mandatarios sostendr\u00e1n una audiencia bilateral privada. Las delegaciones oficiales de ambas naciones se reunir\u00e1n a las 11:30 en el Sal\u00f3n del Consejo de Gobierno.<\/p>\n<p>Para las 12:30 de la tarde est\u00e1 programada la r\u00fabrica de instrumentos bilaterales y se emitir\u00e1 una declaraci\u00f3n conjunta en el Sal\u00f3n de Embajadores. Posteriormente las delegaciones almorzar\u00e1n en el Sal\u00f3n Verde.<\/p>\n<p>A las 3:00 de la tarde, la gobernante sudamericana tiene programada depositar una ofrenda floral en el Altar de la Patria junto al canciller Roberto \u00c1lvarez.<\/p>\n<p>Actividades pautadas para el martes 2 de junio<\/p>\n<p>Para el martes 2 de junio, a partir de las 10:00 de la ma\u00f1ana, Geerlings-Simons se reunir\u00e1 de forma privada con Ricardo de los Santos, presidente del Senado y Alfredo Pacheco, presidente de la C\u00e1mara de Diputados.<\/p>\n<p>Luego, las c\u00e1maras legislativas se reunir\u00e1n de manera conjunta en el Sal\u00f3n de Sesiones para celebrar una jornada de discursos oficiales.<\/p>\n<p>La salida de suelo dominicano de la presidente de Surinam y su comitiva internacional est\u00e1 programada para las 4:50 de la tarde por el Aeropuerto Internacional de las Am\u00e9ricas \u201cJos\u00e9 Francisco Pe\u00f1a G\u00f3mez\u201d.<\/p>\n<p>&nbsp;<\/p>\n","protected":false},"excerpt":{"rendered":"<p>&nbsp; &nbsp; La agenda oficial incluye reuni\u00f3n con el presidente Luis Abinader, firma de instrumentos y declaraci\u00f3n conjunta Ser\u00e1 recibida el lunes por el presidente Abinader en el Palacio presidencial La gobernante sudamericana hablar\u00e1 en una sesi\u00f3n conjunta del Senado y la C\u00e1mara de Diputados Punta Cana , La Altagracia.- La presidenta de Surinam, Jennifer [&hellip;]<\/p>\n","protected":false},"author":3,"featured_media":74403,"comment_status":"open","ping_status":"closed","sticky":false,"template":"","format":"standard","meta":{"footnotes":""},"categories":[2,4,3],"tags":[],"class_list":["post-74402","post","type-post","status-publish","format-standard","has-post-thumbnail","hentry","category-actualidad","category-nacionales","category-portada"],"_links":{"self":[{"href":"https:\/\/cobertura.com.do\/vok\/wp-json\/wp\/v2\/posts\/74402","targetHints":{"allow":["GET"]}}],"collection":[{"href":"https:\/\/cobertura.com.do\/vok\/wp-json\/wp\/v2\/posts"}],"about":[{"href":"https:\/\/cobertura.com.do\/vok\/wp-json\/wp\/v2\/types\/post"}],"author":[{"embeddable":true,"href":"https:\/\/cobertura.com.do\/vok\/wp-json\/wp\/v2\/users\/3"}],"replies":[{"embeddable":true,"href":"https:\/\/cobertura.com.do\/vok\/wp-json\/wp\/v2\/comments?post=74402"}],"version-history":[{"count":3,"href":"https:\/\/cobertura.com.do\/vok\/wp-json\/wp\/v2\/posts\/74402\/revisions"}],"predecessor-version":[{"id":74406,"href":"https:\/\/cobertura.com.do\/vok\/wp-json\/wp\/v2\/posts\/74402\/revisions\/74406"}],"wp:featuredmedia":[{"embeddable":true,"href":"https:\/\/cobertura.com.do\/vok\/wp-json\/wp\/v2\/media\/74403"}],"wp:attachment":[{"href":"https:\/\/cobertura.com.do\/vok\/wp-json\/wp\/v2\/media?parent=74402"}],"wp:term":[{"taxonomy":"category","embeddable":true,"href":"https:\/\/cobertura.com.do\/vok\/wp-json\/wp\/v2\/categories?post=74402"},{"taxonomy":"post_tag","embeddable":true,"href":"https:\/\/cobertura.com.do\/vok\/wp-json\/wp\/v2\/tags?post=74402"}],"curies":[{"name":"wp","href":"https:\/\/api.w.org\/{rel}","templated":true}]}}