{"id":74430,"date":"2026-06-02T00:20:23","date_gmt":"2026-06-02T00:20:23","guid":{"rendered":"https:\/\/cobertura.com.do\/vok\/?p=74430"},"modified":"2026-06-02T00:20:23","modified_gmt":"2026-06-02T00:20:23","slug":"otra-mujer-cae-en-bani-fue-supuestamente-envenenada-por-su-companero-dentro-de-una-cabana","status":"publish","type":"post","link":"https:\/\/cobertura.com.do\/vok\/2026\/06\/02\/otra-mujer-cae-en-bani-fue-supuestamente-envenenada-por-su-companero-dentro-de-una-cabana\/","title":{"rendered":"Otra mujer cae en Ban\u00ed; fue supuestamente envenenada por su compa\u00f1ero dentro de una caba\u00f1a"},"content":{"rendered":"<p><span class=\"dropcap dropcap1\">S<\/span>ANTO DOMINGO.-Una mujer de 29 a\u00f1os falleci\u00f3 envenenada, supuestamente a manos de su pareja, en un hecho registrado la tarde de este lunes, en una caba\u00f1a de Ban\u00ed, provincia Peravia.<\/p>\n<p>Las autoridades identificaron a la v\u00edctima como Paola Lara Mart\u00ednez de 29 a\u00f1os, cuyo cuerpo fue encontrado en la caba\u00f1a Termura, mientras que el presunto victimario, quien tambi\u00e9n ingiri\u00f3 la supuesta sustancia t\u00f3xica, es Neris Alexander Ciprian Gross de 31 a\u00f1os y recibe atenciones m\u00e9dicas en un centro de salud local.<\/p>\n<p>Seg\u00fan reportes preliminares, la pareja, que ten\u00eda tres hijos en com\u00fan, se hab\u00eda separado hace tres meses.<\/p>\n","protected":false},"excerpt":{"rendered":"<p>SANTO DOMINGO.-Una mujer de 29 a\u00f1os falleci\u00f3 envenenada, supuestamente a manos de su pareja, en un hecho registrado la tarde de este lunes, en una caba\u00f1a de Ban\u00ed, provincia Peravia. Las autoridades identificaron a la v\u00edctima como Paola Lara Mart\u00ednez de 29 a\u00f1os, cuyo cuerpo fue encontrado en la caba\u00f1a Termura, mientras que el presunto [&hellip;]<\/p>\n","protected":false},"author":3,"featured_media":74431,"comment_status":"open","ping_status":"closed","sticky":false,"template":"","format":"standard","meta":{"footnotes":""},"categories":[2,39,3],"tags":[],"class_list":["post-74430","post","type-post","status-publish","format-standard","has-post-thumbnail","hentry","category-actualidad","category-policial","category-portada"],"_links":{"self":[{"href":"https:\/\/cobertura.com.do\/vok\/wp-json\/wp\/v2\/posts\/74430","targetHints":{"allow":["GET"]}}],"collection":[{"href":"https:\/\/cobertura.com.do\/vok\/wp-json\/wp\/v2\/posts"}],"about":[{"href":"https:\/\/cobertura.com.do\/vok\/wp-json\/wp\/v2\/types\/post"}],"author":[{"embeddable":true,"href":"https:\/\/cobertura.com.do\/vok\/wp-json\/wp\/v2\/users\/3"}],"replies":[{"embeddable":true,"href":"https:\/\/cobertura.com.do\/vok\/wp-json\/wp\/v2\/comments?post=74430"}],"version-history":[{"count":1,"href":"https:\/\/cobertura.com.do\/vok\/wp-json\/wp\/v2\/posts\/74430\/revisions"}],"predecessor-version":[{"id":74432,"href":"https:\/\/cobertura.com.do\/vok\/wp-json\/wp\/v2\/posts\/74430\/revisions\/74432"}],"wp:featuredmedia":[{"embeddable":true,"href":"https:\/\/cobertura.com.do\/vok\/wp-json\/wp\/v2\/media\/74431"}],"wp:attachment":[{"href":"https:\/\/cobertura.com.do\/vok\/wp-json\/wp\/v2\/media?parent=74430"}],"wp:term":[{"taxonomy":"category","embeddable":true,"href":"https:\/\/cobertura.com.do\/vok\/wp-json\/wp\/v2\/categories?post=74430"},{"taxonomy":"post_tag","embeddable":true,"href":"https:\/\/cobertura.com.do\/vok\/wp-json\/wp\/v2\/tags?post=74430"}],"curies":[{"name":"wp","href":"https:\/\/api.w.org\/{rel}","templated":true}]}}