{"id":74436,"date":"2026-06-02T19:40:54","date_gmt":"2026-06-02T19:40:54","guid":{"rendered":"https:\/\/cobertura.com.do\/vok\/?p=74436"},"modified":"2026-06-02T19:40:54","modified_gmt":"2026-06-02T19:40:54","slug":"ministerio-de-salud-e-inapa-inauguran-latinosan-2026-y-reafirman-compromiso-con-la-salud-el-saneamiento-y-el-desarrollo-sostenible","status":"publish","type":"post","link":"https:\/\/cobertura.com.do\/vok\/2026\/06\/02\/ministerio-de-salud-e-inapa-inauguran-latinosan-2026-y-reafirman-compromiso-con-la-salud-el-saneamiento-y-el-desarrollo-sostenible\/","title":{"rendered":"Ministerio de Salud e INAPA inauguran LatinoSan 2026 y reafirman compromiso con la salud, el saneamiento y el desarrollo sostenible"},"content":{"rendered":"<p>&nbsp;<\/p>\n<p>&nbsp;<\/p>\n<p>&nbsp;<\/p>\n<p>&nbsp;<\/p>\n<p>Durante los tres d\u00edas, LatinoSan 2026 abordar\u00e1 cinco ejes estrat\u00e9gicos: saneamiento urbano e innovaci\u00f3n tecnol\u00f3gica y social; saneamiento rural; gobernanza, regulaci\u00f3n, financiamiento y participaci\u00f3n privada; resiliencia y sostenibilidad ambiental; y costas, turismo, biodiversidad y econom\u00eda azul.<\/p>\n<p><span class=\"dropcap dropcap1\">P<\/span>unta Cana, RD. \u2013 Rep\u00fablica Dominicana se convirti\u00f3 en el primer pa\u00eds del Caribe sede de la Conferencia Latinoamericana de Saneamiento (LatinoSan 2026), el principal foro regional sobre agua, saneamiento e higiene, que re\u00fane a autoridades gubernamentales, organismos multilaterales, expertos internacionales, representantes de la academia, sector privado y sociedad civil para impulsar soluciones innovadoras orientadas a fortalecer la salud p\u00fablica y el desarrollo sostenible en Am\u00e9rica Latina y el Caribe, con el apoyo del Banco Interamericano de Desarrollo (BID).<\/p>\n<p>La conferencia se celebra del 2 al 4 de junio en Punta Cana bajo el lema \u201cInnovaci\u00f3n, inclusi\u00f3n y resiliencia: el saneamiento que impulsa salud, equidad y sostenibilidad en Am\u00e9rica Latina y el Caribe\u201d.<\/p>\n<p>Durante el acto de apertura, el ministro de Salud, V\u00edctor Atallah, afirm\u00f3 que muchas de las transformaciones que m\u00e1s han impactado la calidad de vida de las personas no siempre son las m\u00e1s visibles, destacando entre ellas el acceso al agua segura y al saneamiento.<\/p>\n<p>\u201cHablar de saneamiento es hablar de salud, de dignidad, de resiliencia, de oportunidades y de equidad. Cuando el saneamiento funciona, protege la salud, preserva el ambiente y crea condiciones para que las personas puedan desarrollarse plenamente\u201d, expres\u00f3.<\/p>\n<p>Atallah destac\u00f3 que la regi\u00f3n enfrenta importantes desaf\u00edos vinculados al acceso al agua, el saneamiento y el cambio clim\u00e1tico, factores que contin\u00faan afectando la salud, el medio ambiente y las oportunidades de desarrollo de millones de ciudadanos.<\/p>\n","protected":false},"excerpt":{"rendered":"<p>&nbsp; &nbsp; &nbsp; &nbsp; Durante los tres d\u00edas, LatinoSan 2026 abordar\u00e1 cinco ejes estrat\u00e9gicos: saneamiento urbano e innovaci\u00f3n tecnol\u00f3gica y social; saneamiento rural; gobernanza, regulaci\u00f3n, financiamiento y participaci\u00f3n privada; resiliencia y sostenibilidad ambiental; y costas, turismo, biodiversidad y econom\u00eda azul. Punta Cana, RD. \u2013 Rep\u00fablica Dominicana se convirti\u00f3 en el primer pa\u00eds del Caribe sede [&hellip;]<\/p>\n","protected":false},"author":3,"featured_media":74437,"comment_status":"open","ping_status":"closed","sticky":false,"template":"","format":"standard","meta":{"footnotes":""},"categories":[2,4,3],"tags":[],"class_list":["post-74436","post","type-post","status-publish","format-standard","has-post-thumbnail","hentry","category-actualidad","category-nacionales","category-portada"],"_links":{"self":[{"href":"https:\/\/cobertura.com.do\/vok\/wp-json\/wp\/v2\/posts\/74436","targetHints":{"allow":["GET"]}}],"collection":[{"href":"https:\/\/cobertura.com.do\/vok\/wp-json\/wp\/v2\/posts"}],"about":[{"href":"https:\/\/cobertura.com.do\/vok\/wp-json\/wp\/v2\/types\/post"}],"author":[{"embeddable":true,"href":"https:\/\/cobertura.com.do\/vok\/wp-json\/wp\/v2\/users\/3"}],"replies":[{"embeddable":true,"href":"https:\/\/cobertura.com.do\/vok\/wp-json\/wp\/v2\/comments?post=74436"}],"version-history":[{"count":1,"href":"https:\/\/cobertura.com.do\/vok\/wp-json\/wp\/v2\/posts\/74436\/revisions"}],"predecessor-version":[{"id":74438,"href":"https:\/\/cobertura.com.do\/vok\/wp-json\/wp\/v2\/posts\/74436\/revisions\/74438"}],"wp:featuredmedia":[{"embeddable":true,"href":"https:\/\/cobertura.com.do\/vok\/wp-json\/wp\/v2\/media\/74437"}],"wp:attachment":[{"href":"https:\/\/cobertura.com.do\/vok\/wp-json\/wp\/v2\/media?parent=74436"}],"wp:term":[{"taxonomy":"category","embeddable":true,"href":"https:\/\/cobertura.com.do\/vok\/wp-json\/wp\/v2\/categories?post=74436"},{"taxonomy":"post_tag","embeddable":true,"href":"https:\/\/cobertura.com.do\/vok\/wp-json\/wp\/v2\/tags?post=74436"}],"curies":[{"name":"wp","href":"https:\/\/api.w.org\/{rel}","templated":true}]}}