{"id":74462,"date":"2026-06-03T20:52:22","date_gmt":"2026-06-03T20:52:22","guid":{"rendered":"https:\/\/cobertura.com.do\/vok\/?p=74462"},"modified":"2026-06-03T20:52:22","modified_gmt":"2026-06-03T20:52:22","slug":"nelson-nelson-lanza-el-video-de-duele-mientras-continua-subiendo-en-los-charts-de-bachata-en-republica-dominicana","status":"publish","type":"post","link":"https:\/\/cobertura.com.do\/vok\/2026\/06\/03\/nelson-nelson-lanza-el-video-de-duele-mientras-continua-subiendo-en-los-charts-de-bachata-en-republica-dominicana\/","title":{"rendered":"Nelson Nelson lanza el video de \u201cDuele\u201d mientras contin\u00faa subiendo en los charts de bachata en Rep\u00fablica Dominicana"},"content":{"rendered":"<p>&nbsp;<\/p>\n<p>&nbsp;<\/p>\n<p>Santo Domingo, R.D. &#8211; El bachatero dominicano Nelson Nelson presenta oficialmente el videoclip de \u201cDuele\u201d, tema que actualmente se posiciona entre las canciones m\u00e1s sonadas del g\u00e9nero en Rep\u00fablica Dominicana, bajo la distribuci\u00f3n de La Oreja Media Group.<\/p>\n<p>El artista atraviesa uno de los momentos m\u00e1s importantes de su carrera, conquistando la posici\u00f3n n\u00famero tres en audiencia y tocadas de bachata, y ocupando la posici\u00f3n n\u00famero 8 del Top 20 general de Monitor Latino, resultado del crecimiento que ha tenido el tema en radio, televisi\u00f3n, plataformas digitales, un posicionamiento que se debe al trabajo de un equipo de trabajo de alto nivel.<\/p>\n<p>El nuevo audiovisual de \u201cDuele\u201d ya se encuentra rotando en importantes programas nacionales como De Extremo a Extremo y Bebeto TV, llevando la propuesta del artista a una audiencia cada vez m\u00e1s amplia.<\/p>\n<p>La nueva versi\u00f3n de \u201cDuele\u201d cuenta con la producci\u00f3n del multipremiado productor M\u00e1rtires De Le\u00f3n, quien apost\u00f3 por una actualizaci\u00f3n musical con sonidos modernos sin perder la esencia rom\u00e1ntica y tradicional de la bachata.<\/p>\n<p>Nelson Nelson, oriundo de Salcedo, provincia Hermanas Mirabal, lleva a\u00f1os trabajando dentro del movimiento bachatero dominicano. Adem\u00e1s de int\u00e9rprete, tambi\u00e9n se ha desarrollado como compositor y arreglista de sus propios temas, construyendo una propuesta aut\u00e9ntica dentro del g\u00e9nero.<\/p>\n<p>A lo largo de su trayectoria ha compartido escenario con artistas y m\u00fasicos importantes del Cibao, adem\u00e1s de formar parte de agrupaciones como Los Hermanos Ventura. En el a\u00f1o 2000 lanz\u00f3 la producci\u00f3n \u201cLleg\u00f3 Mi Mujer\u201d, incluyendo una colaboraci\u00f3n junto al merenguero Jos\u00e9 Virgilio Pe\u00f1a Suazo.<\/p>\n<p>Con el lanzamiento de este nuevo visual y el respaldo que est\u00e1 recibiendo \u201cDuele\u201d en los medios nacionales, Nelson Nelson contin\u00faa conectando con el p\u00fablico bachatero y ganando terreno dentro de la m\u00fasica dominicana.<\/p>\n<p>&nbsp;<\/p>\n","protected":false},"excerpt":{"rendered":"<p>&nbsp; &nbsp; Santo Domingo, R.D. &#8211; El bachatero dominicano Nelson Nelson presenta oficialmente el videoclip de \u201cDuele\u201d, tema que actualmente se posiciona entre las canciones m\u00e1s sonadas del g\u00e9nero en Rep\u00fablica Dominicana, bajo la distribuci\u00f3n de La Oreja Media Group. El artista atraviesa uno de los momentos m\u00e1s importantes de su carrera, conquistando la posici\u00f3n [&hellip;]<\/p>\n","protected":false},"author":3,"featured_media":74463,"comment_status":"open","ping_status":"closed","sticky":false,"template":"","format":"standard","meta":{"footnotes":""},"categories":[2,6,4],"tags":[],"class_list":["post-74462","post","type-post","status-publish","format-standard","has-post-thumbnail","hentry","category-actualidad","category-entretenimiento","category-nacionales"],"_links":{"self":[{"href":"https:\/\/cobertura.com.do\/vok\/wp-json\/wp\/v2\/posts\/74462","targetHints":{"allow":["GET"]}}],"collection":[{"href":"https:\/\/cobertura.com.do\/vok\/wp-json\/wp\/v2\/posts"}],"about":[{"href":"https:\/\/cobertura.com.do\/vok\/wp-json\/wp\/v2\/types\/post"}],"author":[{"embeddable":true,"href":"https:\/\/cobertura.com.do\/vok\/wp-json\/wp\/v2\/users\/3"}],"replies":[{"embeddable":true,"href":"https:\/\/cobertura.com.do\/vok\/wp-json\/wp\/v2\/comments?post=74462"}],"version-history":[{"count":1,"href":"https:\/\/cobertura.com.do\/vok\/wp-json\/wp\/v2\/posts\/74462\/revisions"}],"predecessor-version":[{"id":74464,"href":"https:\/\/cobertura.com.do\/vok\/wp-json\/wp\/v2\/posts\/74462\/revisions\/74464"}],"wp:featuredmedia":[{"embeddable":true,"href":"https:\/\/cobertura.com.do\/vok\/wp-json\/wp\/v2\/media\/74463"}],"wp:attachment":[{"href":"https:\/\/cobertura.com.do\/vok\/wp-json\/wp\/v2\/media?parent=74462"}],"wp:term":[{"taxonomy":"category","embeddable":true,"href":"https:\/\/cobertura.com.do\/vok\/wp-json\/wp\/v2\/categories?post=74462"},{"taxonomy":"post_tag","embeddable":true,"href":"https:\/\/cobertura.com.do\/vok\/wp-json\/wp\/v2\/tags?post=74462"}],"curies":[{"name":"wp","href":"https:\/\/api.w.org\/{rel}","templated":true}]}}