{"id":74471,"date":"2026-06-07T11:55:13","date_gmt":"2026-06-07T11:55:13","guid":{"rendered":"https:\/\/cobertura.com.do\/vok\/?p=74471"},"modified":"2026-06-07T11:55:13","modified_gmt":"2026-06-07T11:55:13","slug":"el-arresto-de-una-mujer-intentando-llevar-drogas-a-las-parras-provoca-el-motin-de-los-internos","status":"publish","type":"post","link":"https:\/\/cobertura.com.do\/vok\/2026\/06\/07\/el-arresto-de-una-mujer-intentando-llevar-drogas-a-las-parras-provoca-el-motin-de-los-internos\/","title":{"rendered":"El arresto de una mujer intentando llevar drogas a Las Parras provoca el mot\u00edn de los internos"},"content":{"rendered":"<p>SANTO DOMINGO.- El mot\u00edn que se registro en la recien inaugurada c\u00e1rcel Las Parras,\u00a0 fue una acci\u00f3n de los internos en contra del arresto de una mujer y una menor luego que intentar\u00e1n llevar drogas hacia el interior del moderno centro penitenciario.<\/p>\n<p>As\u00ed lo manfiestaron las autoridades, las cuales informaron que la situaci\u00f3n se encuentra bajo control.<\/p>\n<p>El personal de seguridad del Centro de Correcci\u00f3n y Rehabilitaci\u00f3n (CCR) Las Parras arrest\u00f3 este s\u00e1bado, y en flagrante delito, a una mujer que trat\u00f3 de introducir una sustancia prohibida al recinto ubicado en el municipio San Antonio de Guerra.<\/p>\n<p>La Direcci\u00f3n General de Servicios Penitenciarios y Correccionales (DGSPC) inform\u00f3 que de inmediato el personal de seguridad procedi\u00f3 a entregar al Ministerio P\u00fablico correspondiente a la mujer, cuyo nombre se reserva para proteger a una hija de 11 a\u00f1os de edad que llev\u00f3 al recinto aprovechando que era el d\u00eda de visita de los hijos a sus padres.<\/p>\n<p>La DGSPC explic\u00f3 que, producto de la medida de control, los internos de algunos m\u00f3dulos del CCR Las Parras intentaron alterar el orden del recinto.<\/p>\n<p>Sin embargo, una oportuna intervenci\u00f3n profesional del personal de seguridad penitenciaria, con el apoyo de las autoridades del centro, llev\u00f3 a mantener el control de la seguridad y el orden.<\/p>\n<p>Las autoridades iniciaron las evaluaciones correspondientes para establecer las responsabilidades de lugar, conforme a los procedimientos institucionales y al marco legal vigente.<\/p>\n<p>Indicaron que alrededor de las 4:00 de la tarde la seguridad detect\u00f3 a un privado de libertad que intentaba salir del \u00e1rea de visita infantil portando en sus partes \u00edntimas un paquete de forma cil\u00edndrica, el cual fue ocupado por el personal de vigilancia.<\/p>\n<p>La DGSPC indic\u00f3 que, por sus caracter\u00edsticas f\u00edsicas, olor y textura, se presume que la sustancia contenida en dicho paquete podr\u00eda ser marihuana, por lo que las autoridades realizar\u00e1n los procedimientos correspondientes para someter al interno a la acci\u00f3n de la justicia por ese hecho.<\/p>\n<p>&nbsp;<\/p>\n<p>&nbsp;<\/p>\n<p>&nbsp;<\/p>\n<p>Las autoridades penitenciarias reafirmaron su compromiso con la integridad de los internos y con el fortalecimiento de los protocolos de seguridad para evitar la introducci\u00f3n de sustancias prohibidas a los recintos penitenciarios. Record\u00f3 que todo el personal de la DGSPC trabaja para que los internos puedan desenvolverse en un ambiente de dignidad y para que sus familiares que est\u00e1n fuera puedan tener la tranquilidad deseada por todos.<\/p>\n","protected":false},"excerpt":{"rendered":"<p>SANTO DOMINGO.- El mot\u00edn que se registro en la recien inaugurada c\u00e1rcel Las Parras,\u00a0 fue una acci\u00f3n de los internos en contra del arresto de una mujer y una menor luego que intentar\u00e1n llevar drogas hacia el interior del moderno centro penitenciario. As\u00ed lo manfiestaron las autoridades, las cuales informaron que la situaci\u00f3n se encuentra [&hellip;]<\/p>\n","protected":false},"author":3,"featured_media":70836,"comment_status":"open","ping_status":"closed","sticky":false,"template":"","format":"standard","meta":{"footnotes":""},"categories":[2,39,3],"tags":[],"class_list":["post-74471","post","type-post","status-publish","format-standard","has-post-thumbnail","hentry","category-actualidad","category-policial","category-portada"],"_links":{"self":[{"href":"https:\/\/cobertura.com.do\/vok\/wp-json\/wp\/v2\/posts\/74471","targetHints":{"allow":["GET"]}}],"collection":[{"href":"https:\/\/cobertura.com.do\/vok\/wp-json\/wp\/v2\/posts"}],"about":[{"href":"https:\/\/cobertura.com.do\/vok\/wp-json\/wp\/v2\/types\/post"}],"author":[{"embeddable":true,"href":"https:\/\/cobertura.com.do\/vok\/wp-json\/wp\/v2\/users\/3"}],"replies":[{"embeddable":true,"href":"https:\/\/cobertura.com.do\/vok\/wp-json\/wp\/v2\/comments?post=74471"}],"version-history":[{"count":1,"href":"https:\/\/cobertura.com.do\/vok\/wp-json\/wp\/v2\/posts\/74471\/revisions"}],"predecessor-version":[{"id":74472,"href":"https:\/\/cobertura.com.do\/vok\/wp-json\/wp\/v2\/posts\/74471\/revisions\/74472"}],"wp:featuredmedia":[{"embeddable":true,"href":"https:\/\/cobertura.com.do\/vok\/wp-json\/wp\/v2\/media\/70836"}],"wp:attachment":[{"href":"https:\/\/cobertura.com.do\/vok\/wp-json\/wp\/v2\/media?parent=74471"}],"wp:term":[{"taxonomy":"category","embeddable":true,"href":"https:\/\/cobertura.com.do\/vok\/wp-json\/wp\/v2\/categories?post=74471"},{"taxonomy":"post_tag","embeddable":true,"href":"https:\/\/cobertura.com.do\/vok\/wp-json\/wp\/v2\/tags?post=74471"}],"curies":[{"name":"wp","href":"https:\/\/api.w.org\/{rel}","templated":true}]}}