{"id":74473,"date":"2026-06-07T11:58:34","date_gmt":"2026-06-07T11:58:34","guid":{"rendered":"https:\/\/cobertura.com.do\/vok\/?p=74473"},"modified":"2026-06-07T11:58:34","modified_gmt":"2026-06-07T11:58:34","slug":"juan-hubieres-lamenta-fallecimiento-de-fotorreportero-franklin-guerrero","status":"publish","type":"post","link":"https:\/\/cobertura.com.do\/vok\/2026\/06\/07\/juan-hubieres-lamenta-fallecimiento-de-fotorreportero-franklin-guerrero\/","title":{"rendered":"Juan Hubieres lamenta fallecimiento de fotorreportero Franklin Guerrero"},"content":{"rendered":"<p>&nbsp;<\/p>\n<p>&nbsp;<\/p>\n<p>&nbsp;<\/p>\n<p>Santo Domingo. \u2013 Juan Hubieres, presidente de la Federaci\u00f3n Nacional de Transporte la Nueva Opci\u00f3n (Fenatrano), manifest\u00f3 este s\u00e1bado sus m\u00e1s sentidas condolencias a los familiares y colegas del fotorreportero Franklin Guerrero, tras su fallecimiento.<\/p>\n<p>Hubieres precis\u00f3 que Guerrero a trav\u00e9s de su fotorreportaje cautivo a la poblaci\u00f3n, las cuales de manera gr\u00e1ficas denunciaba diferentes actos indecorosos o demandas sociales.<\/p>\n<p>El presidente de Fenatrano destac\u00f3 que Guerrero jug\u00f3 un papel valioso en la democracia, mediante sus aportes a la comunicaci\u00f3n social.<\/p>\n<p>Hubieres indic\u00f3 que Guerrero capt\u00f3 y narr\u00f3 importantes acontecimientos de luchas del sector transportista dando un tratamiento profesional con \u00e9tica y compromiso con la informaci\u00f3n.<\/p>\n<p>Juan Hubieres y Fenatrano se unen al duelo nacional que arropa a todo el pueblo dominicano por el fallecimiento del grandioso ser humano y profesional Franklin Guerrero.<\/p>\n","protected":false},"excerpt":{"rendered":"<p>&nbsp; &nbsp; &nbsp; Santo Domingo. \u2013 Juan Hubieres, presidente de la Federaci\u00f3n Nacional de Transporte la Nueva Opci\u00f3n (Fenatrano), manifest\u00f3 este s\u00e1bado sus m\u00e1s sentidas condolencias a los familiares y colegas del fotorreportero Franklin Guerrero, tras su fallecimiento. Hubieres precis\u00f3 que Guerrero a trav\u00e9s de su fotorreportaje cautivo a la poblaci\u00f3n, las cuales de manera [&hellip;]<\/p>\n","protected":false},"author":3,"featured_media":74474,"comment_status":"open","ping_status":"closed","sticky":false,"template":"","format":"standard","meta":{"footnotes":""},"categories":[2,3],"tags":[],"class_list":["post-74473","post","type-post","status-publish","format-standard","has-post-thumbnail","hentry","category-actualidad","category-portada"],"_links":{"self":[{"href":"https:\/\/cobertura.com.do\/vok\/wp-json\/wp\/v2\/posts\/74473","targetHints":{"allow":["GET"]}}],"collection":[{"href":"https:\/\/cobertura.com.do\/vok\/wp-json\/wp\/v2\/posts"}],"about":[{"href":"https:\/\/cobertura.com.do\/vok\/wp-json\/wp\/v2\/types\/post"}],"author":[{"embeddable":true,"href":"https:\/\/cobertura.com.do\/vok\/wp-json\/wp\/v2\/users\/3"}],"replies":[{"embeddable":true,"href":"https:\/\/cobertura.com.do\/vok\/wp-json\/wp\/v2\/comments?post=74473"}],"version-history":[{"count":1,"href":"https:\/\/cobertura.com.do\/vok\/wp-json\/wp\/v2\/posts\/74473\/revisions"}],"predecessor-version":[{"id":74475,"href":"https:\/\/cobertura.com.do\/vok\/wp-json\/wp\/v2\/posts\/74473\/revisions\/74475"}],"wp:featuredmedia":[{"embeddable":true,"href":"https:\/\/cobertura.com.do\/vok\/wp-json\/wp\/v2\/media\/74474"}],"wp:attachment":[{"href":"https:\/\/cobertura.com.do\/vok\/wp-json\/wp\/v2\/media?parent=74473"}],"wp:term":[{"taxonomy":"category","embeddable":true,"href":"https:\/\/cobertura.com.do\/vok\/wp-json\/wp\/v2\/categories?post=74473"},{"taxonomy":"post_tag","embeddable":true,"href":"https:\/\/cobertura.com.do\/vok\/wp-json\/wp\/v2\/tags?post=74473"}],"curies":[{"name":"wp","href":"https:\/\/api.w.org\/{rel}","templated":true}]}}