{"id":74476,"date":"2026-06-07T12:01:51","date_gmt":"2026-06-07T12:01:51","guid":{"rendered":"https:\/\/cobertura.com.do\/vok\/?p=74476"},"modified":"2026-06-07T12:01:51","modified_gmt":"2026-06-07T12:01:51","slug":"muere-coreografo-ivan-tejeda-en-el-dario-contreras-fue-llevado-alli-luego-de-un-accicente-de-transito","status":"publish","type":"post","link":"https:\/\/cobertura.com.do\/vok\/2026\/06\/07\/muere-coreografo-ivan-tejeda-en-el-dario-contreras-fue-llevado-alli-luego-de-un-accicente-de-transito\/","title":{"rendered":"Muere core\u00f3grafo Iv\u00e1n Tejeda en el Dario Contreras; fue llevado all\u00ed luego de un accicente de tr\u00e1nsito"},"content":{"rendered":"<p>SANTO DOMINGO.-El reconocido y destacado <strong>core\u00f3grafo dominicano Iv\u00e1n Tejada<\/strong>\u00a0muri\u00f3 la noche de este s\u00e1bado a las 7:20 p.m., mientras permanec\u00eda ingresado en la Unidad de Cuidados Intensivos del Hospital Universitario Docente Traumatol\u00f3gico Dr. Dar\u00edo Contreras, inform\u00f3 el centro de salud mediante un comunicado oficial.<\/p>\n<p>Tejada se encontraba hospitalizado desde el\u00a0<strong>pasado 29 de mayo<\/strong>, luego de sufrir un\u00a0<strong>accidente de tr\u00e1nsito<\/strong>\u00a0que le provoc\u00f3 lesiones de gravedad. Desde su ingreso al \u00e1rea de Emergencias, recibi\u00f3 atenciones m\u00e9dicas especializadas y permaneci\u00f3 bajo estricta vigilancia del personal de salud.<\/p>\n<section class=\"nota-top-part\"><\/section>\n<p>&nbsp;<\/p>\n","protected":false},"excerpt":{"rendered":"<p>SANTO DOMINGO.-El reconocido y destacado core\u00f3grafo dominicano Iv\u00e1n Tejada\u00a0muri\u00f3 la noche de este s\u00e1bado a las 7:20 p.m., mientras permanec\u00eda ingresado en la Unidad de Cuidados Intensivos del Hospital Universitario Docente Traumatol\u00f3gico Dr. Dar\u00edo Contreras, inform\u00f3 el centro de salud mediante un comunicado oficial. Tejada se encontraba hospitalizado desde el\u00a0pasado 29 de mayo, luego de [&hellip;]<\/p>\n","protected":false},"author":3,"featured_media":74477,"comment_status":"open","ping_status":"closed","sticky":false,"template":"","format":"standard","meta":{"footnotes":""},"categories":[2,4,3],"tags":[],"class_list":["post-74476","post","type-post","status-publish","format-standard","has-post-thumbnail","hentry","category-actualidad","category-nacionales","category-portada"],"_links":{"self":[{"href":"https:\/\/cobertura.com.do\/vok\/wp-json\/wp\/v2\/posts\/74476","targetHints":{"allow":["GET"]}}],"collection":[{"href":"https:\/\/cobertura.com.do\/vok\/wp-json\/wp\/v2\/posts"}],"about":[{"href":"https:\/\/cobertura.com.do\/vok\/wp-json\/wp\/v2\/types\/post"}],"author":[{"embeddable":true,"href":"https:\/\/cobertura.com.do\/vok\/wp-json\/wp\/v2\/users\/3"}],"replies":[{"embeddable":true,"href":"https:\/\/cobertura.com.do\/vok\/wp-json\/wp\/v2\/comments?post=74476"}],"version-history":[{"count":1,"href":"https:\/\/cobertura.com.do\/vok\/wp-json\/wp\/v2\/posts\/74476\/revisions"}],"predecessor-version":[{"id":74478,"href":"https:\/\/cobertura.com.do\/vok\/wp-json\/wp\/v2\/posts\/74476\/revisions\/74478"}],"wp:featuredmedia":[{"embeddable":true,"href":"https:\/\/cobertura.com.do\/vok\/wp-json\/wp\/v2\/media\/74477"}],"wp:attachment":[{"href":"https:\/\/cobertura.com.do\/vok\/wp-json\/wp\/v2\/media?parent=74476"}],"wp:term":[{"taxonomy":"category","embeddable":true,"href":"https:\/\/cobertura.com.do\/vok\/wp-json\/wp\/v2\/categories?post=74476"},{"taxonomy":"post_tag","embeddable":true,"href":"https:\/\/cobertura.com.do\/vok\/wp-json\/wp\/v2\/tags?post=74476"}],"curies":[{"name":"wp","href":"https:\/\/api.w.org\/{rel}","templated":true}]}}