{"id":74497,"date":"2026-06-07T21:20:53","date_gmt":"2026-06-07T21:20:53","guid":{"rendered":"https:\/\/cobertura.com.do\/vok\/?p=74497"},"modified":"2026-06-07T21:22:46","modified_gmt":"2026-06-07T21:22:46","slug":"74497","status":"publish","type":"post","link":"https:\/\/cobertura.com.do\/vok\/2026\/06\/07\/74497\/","title":{"rendered":"Matan joven mujer en Higuey; verdugo la asesina. Estaba embarazada"},"content":{"rendered":"<p>&nbsp;<\/p>\n<div>SANTO DOMINGO. -Una mujer de 31 a\u00f1os con 20 semanas de embarazo falleci\u00f3 la madrugada de este domingo en el Hospital Materno Infantil Nuestra Se\u00f1ora de La Altagracia, luego de ser trasladada con heridas de arma blanca.<\/div>\n<div>En lo que va de a\u00f1o 36 mujeres han sido asesinadas por sus parejas o exparejas en lo que va de a\u00f1o }.<\/div>\n<div><\/div>\n<div>La v\u00edctima fue identificada como Yarian Chami Cedano Cedano, dominicana, residente en el sector Villa Cerro de la ciudad de Hig\u00fcey, provincia La Altagracia.<\/div>\n<div><\/div>\n<div>Fue llevada al centro de salud por unidades del Sistema Nacional de Atenci\u00f3n a Emergencias y Seguridad 9-1-1. Ingres\u00f3 con trauma abierto de t\u00f3rax por herida de arma blanca tipo cuchillo y en paro cardiorrespiratorio. Falleci\u00f3 mientras recib\u00eda atenciones m\u00e9dicas en el \u00e1rea de emergencia.<\/div>\n<div><\/div>\n<div><\/div>\n<div><\/div>\n<div><\/div>\n<div>Seg\u00fan versiones ofrecidas por un hermano de la fallecida a las autoridades, las heridas fueron ocasionadas presuntamente por su pareja sentimental, identificado como Bertico Peralta.<\/div>\n<div><\/div>\n<div>El hecho ocurri\u00f3 durante un conflicto en la residencia que compart\u00edan.<\/div>\n<div><\/div>\n<div>Tras el ataque, el hombre huy\u00f3 y hasta el momento se encuentra pr\u00f3fugo.<\/div>\n<div><\/div>\n<div><\/div>\n<div><\/div>\n<div>La Polic\u00eda Nacional y el Ministerio P\u00fablico de La Altagracia iniciaron las investigaciones correspondientes. Se espera que en las pr\u00f3ximas horas se emita una orden de arresto contra el presunto agresor.<\/div>\n<div><\/div>\n<div>El caso ha causado consternaci\u00f3n en el sector Villa Cerro y en toda la provincia La Altagracia, por tratarse de una mujer en estado de gestaci\u00f3n.<\/div>\n<p>&nbsp;<\/p>\n<p>&nbsp;<\/p>\n","protected":false},"excerpt":{"rendered":"<p>&nbsp; SANTO DOMINGO. -Una mujer de 31 a\u00f1os con 20 semanas de embarazo falleci\u00f3 la madrugada de este domingo en el Hospital Materno Infantil Nuestra Se\u00f1ora de La Altagracia, luego de ser trasladada con heridas de arma blanca. En lo que va de a\u00f1o 36 mujeres han sido asesinadas por sus parejas o exparejas en [&hellip;]<\/p>\n","protected":false},"author":3,"featured_media":74498,"comment_status":"open","ping_status":"closed","sticky":false,"template":"","format":"standard","meta":{"footnotes":""},"categories":[2,39,3],"tags":[],"class_list":["post-74497","post","type-post","status-publish","format-standard","has-post-thumbnail","hentry","category-actualidad","category-policial","category-portada"],"_links":{"self":[{"href":"https:\/\/cobertura.com.do\/vok\/wp-json\/wp\/v2\/posts\/74497","targetHints":{"allow":["GET"]}}],"collection":[{"href":"https:\/\/cobertura.com.do\/vok\/wp-json\/wp\/v2\/posts"}],"about":[{"href":"https:\/\/cobertura.com.do\/vok\/wp-json\/wp\/v2\/types\/post"}],"author":[{"embeddable":true,"href":"https:\/\/cobertura.com.do\/vok\/wp-json\/wp\/v2\/users\/3"}],"replies":[{"embeddable":true,"href":"https:\/\/cobertura.com.do\/vok\/wp-json\/wp\/v2\/comments?post=74497"}],"version-history":[{"count":3,"href":"https:\/\/cobertura.com.do\/vok\/wp-json\/wp\/v2\/posts\/74497\/revisions"}],"predecessor-version":[{"id":74501,"href":"https:\/\/cobertura.com.do\/vok\/wp-json\/wp\/v2\/posts\/74497\/revisions\/74501"}],"wp:featuredmedia":[{"embeddable":true,"href":"https:\/\/cobertura.com.do\/vok\/wp-json\/wp\/v2\/media\/74498"}],"wp:attachment":[{"href":"https:\/\/cobertura.com.do\/vok\/wp-json\/wp\/v2\/media?parent=74497"}],"wp:term":[{"taxonomy":"category","embeddable":true,"href":"https:\/\/cobertura.com.do\/vok\/wp-json\/wp\/v2\/categories?post=74497"},{"taxonomy":"post_tag","embeddable":true,"href":"https:\/\/cobertura.com.do\/vok\/wp-json\/wp\/v2\/tags?post=74497"}],"curies":[{"name":"wp","href":"https:\/\/api.w.org\/{rel}","templated":true}]}}