{"id":74502,"date":"2026-06-07T21:27:03","date_gmt":"2026-06-07T21:27:03","guid":{"rendered":"https:\/\/cobertura.com.do\/vok\/?p=74502"},"modified":"2026-06-07T21:29:11","modified_gmt":"2026-06-07T21:29:11","slug":"sobre-el-acciciden-de-avion-en-la-romana-se-esperan-informe-oficial-sobre-el-siniestro","status":"publish","type":"post","link":"https:\/\/cobertura.com.do\/vok\/2026\/06\/07\/sobre-el-acciciden-de-avion-en-la-romana-se-esperan-informe-oficial-sobre-el-siniestro\/","title":{"rendered":"Sobre el accicidente de avi\u00f3n en La Romana se espera informe oficial sobre el siniestro"},"content":{"rendered":"<p>&nbsp;<\/p>\n<p>&nbsp;<\/p>\n<p>SANTO DOMINGO.- Se trata de un \u00a0avi\u00f3n ejecutivo modelo Gulfstream G200, matr\u00edcula N318JF, se vio involucrado la tarde de este domingo en un incidente ocurrido en las instalaciones del Aeropuerto Internacional de La Romana, generando una amplia movilizaci\u00f3n de los organismos de emergencia de la terminal a\u00e9rea.<\/p>\n<p>Im\u00e1genes captadas en el lugar muestran una densa columna de humo negro mientras unidades especializadas de rescate y extinci\u00f3n de incendios trabajaban para controlar la situaci\u00f3n y asegurar el \u00e1rea.<\/p>\n<p>De acuerdo con datos preliminares de rastreo a\u00e9reo, la aeronave hab\u00eda estado realizando maniobras en las proximidades de La Romana antes de dirigirse al aeropuerto. Sin embargo, las circunstancias que originaron el incidente a\u00fan no han sido confirmadas oficialmente por las autoridades aeron\u00e1uticas.<\/p>\n<p>Hasta el momento no se ha informado sobre la cantidad de ocupantes que se encontraban a bordo ni sobre posibles personas afectadas. Tampoco se han ofrecido detalles oficiales respecto a las causas del suceso.<\/p>\n<p>Personal de emergencia, seguridad aeroportuaria y autoridades competentes permanecen en el lugar realizando las labores correspondientes y recopilando informaci\u00f3n para determinar lo ocurrido.<\/p>\n<p>&nbsp;<\/p>\n<p>&nbsp;<\/p>\n","protected":false},"excerpt":{"rendered":"<p>&nbsp; &nbsp; SANTO DOMINGO.- Se trata de un \u00a0avi\u00f3n ejecutivo modelo Gulfstream G200, matr\u00edcula N318JF, se vio involucrado la tarde de este domingo en un incidente ocurrido en las instalaciones del Aeropuerto Internacional de La Romana, generando una amplia movilizaci\u00f3n de los organismos de emergencia de la terminal a\u00e9rea. Im\u00e1genes captadas en el lugar muestran [&hellip;]<\/p>\n","protected":false},"author":3,"featured_media":74493,"comment_status":"open","ping_status":"closed","sticky":false,"template":"","format":"standard","meta":{"footnotes":""},"categories":[2,3],"tags":[],"class_list":["post-74502","post","type-post","status-publish","format-standard","has-post-thumbnail","hentry","category-actualidad","category-portada"],"_links":{"self":[{"href":"https:\/\/cobertura.com.do\/vok\/wp-json\/wp\/v2\/posts\/74502","targetHints":{"allow":["GET"]}}],"collection":[{"href":"https:\/\/cobertura.com.do\/vok\/wp-json\/wp\/v2\/posts"}],"about":[{"href":"https:\/\/cobertura.com.do\/vok\/wp-json\/wp\/v2\/types\/post"}],"author":[{"embeddable":true,"href":"https:\/\/cobertura.com.do\/vok\/wp-json\/wp\/v2\/users\/3"}],"replies":[{"embeddable":true,"href":"https:\/\/cobertura.com.do\/vok\/wp-json\/wp\/v2\/comments?post=74502"}],"version-history":[{"count":3,"href":"https:\/\/cobertura.com.do\/vok\/wp-json\/wp\/v2\/posts\/74502\/revisions"}],"predecessor-version":[{"id":74505,"href":"https:\/\/cobertura.com.do\/vok\/wp-json\/wp\/v2\/posts\/74502\/revisions\/74505"}],"wp:featuredmedia":[{"embeddable":true,"href":"https:\/\/cobertura.com.do\/vok\/wp-json\/wp\/v2\/media\/74493"}],"wp:attachment":[{"href":"https:\/\/cobertura.com.do\/vok\/wp-json\/wp\/v2\/media?parent=74502"}],"wp:term":[{"taxonomy":"category","embeddable":true,"href":"https:\/\/cobertura.com.do\/vok\/wp-json\/wp\/v2\/categories?post=74502"},{"taxonomy":"post_tag","embeddable":true,"href":"https:\/\/cobertura.com.do\/vok\/wp-json\/wp\/v2\/tags?post=74502"}],"curies":[{"name":"wp","href":"https:\/\/api.w.org\/{rel}","templated":true}]}}