{"id":74507,"date":"2026-06-07T22:07:55","date_gmt":"2026-06-07T22:07:55","guid":{"rendered":"https:\/\/cobertura.com.do\/vok\/?p=74507"},"modified":"2026-06-07T22:07:55","modified_gmt":"2026-06-07T22:07:55","slug":"al-menos-dos-tripulantes-mueren-en-accidente-aereo-en-la-romana","status":"publish","type":"post","link":"https:\/\/cobertura.com.do\/vok\/2026\/06\/07\/al-menos-dos-tripulantes-mueren-en-accidente-aereo-en-la-romana\/","title":{"rendered":"Al menos dos tripulantes mueren en accidente a\u00e9reo en La Romana"},"content":{"rendered":"<p>La nave accidentada pertence a una compa\u00f1\u00eda de Puerto Rico<\/p>\n<p>&nbsp;<\/p>\n<p>&nbsp;<\/p>\n<p class=\"wp-block-paragraph\"><strong>SANTO DOMINGO,- <\/strong>Dos tripulantes fallecieron este s\u00e1bado luego de que un avi\u00f3n ejecutivo privado se accidentara mientras intentaba realizar un aterrizaje de emergencia en el Aeropuerto Internacional de La Romana, tras reportar la p\u00e9rdida de uno de sus motores poco despu\u00e9s del despegue.<\/p>\n<div class=\"st-inarticle-slot\"><\/div>\n<p class=\"wp-block-paragraph\">De acuerdo con informaciones preliminares, la aeronave logr\u00f3 regresar al aeropuerto luego de que la tripulaci\u00f3n notificara una situaci\u00f3n de emergencia provocada por una falla mec\u00e1nica. Sin embargo, durante la maniobra de aterrizaje el avi\u00f3n sufri\u00f3 un accidente que termin\u00f3 con la vida de las dos personas que se encontraban a bordo.<\/p>\n<p class=\"wp-block-paragraph\">Las autoridades aeron\u00e1uticas iniciaron de inmediato una investigaci\u00f3n para determinar las causas exactas del incidente, mientras equipos de emergencia y personal especializado acudieron al lugar para asegurar la zona y realizar las labores correspondientes.<\/p>\n<p class=\"wp-block-paragraph\">La aeronave involucrada es un Gulfstream G200, un avi\u00f3n ejecutivo fabricado en 2004 por Israel Aircraft Industries, matr\u00edcula N318JF. Seg\u00fan los registros disponibles, el aparato pertenece a la empresa Aibonito Aviation con sede en San Juan, Puerto Rico.<\/p>\n<p class=\"wp-block-paragraph\">El Gulfstream G200 es una aeronave de negocios de largo alcance ampliamente utilizada para vuelos corporativos y transporte ejecutivo, con capacidad para operar rutas internacionales y transportar entre ocho y diez pasajeros, dependiendo de la configuraci\u00f3n de la cabina.<\/p>\n<p class=\"wp-block-paragraph\">Hasta el momento no se han divulgado oficialmente las identidades de los fallecidos ni se ha informado si hab\u00eda pasajeros adicionales en la aeronave al momento del accidente.<\/p>\n<p>&nbsp;<\/p>\n","protected":false},"excerpt":{"rendered":"<p>La nave accidentada pertence a una compa\u00f1\u00eda de Puerto Rico &nbsp; &nbsp; SANTO DOMINGO,- Dos tripulantes fallecieron este s\u00e1bado luego de que un avi\u00f3n ejecutivo privado se accidentara mientras intentaba realizar un aterrizaje de emergencia en el Aeropuerto Internacional de La Romana, tras reportar la p\u00e9rdida de uno de sus motores poco despu\u00e9s del despegue. [&hellip;]<\/p>\n","protected":false},"author":3,"featured_media":74508,"comment_status":"open","ping_status":"closed","sticky":false,"template":"","format":"standard","meta":{"footnotes":""},"categories":[2,4,3],"tags":[],"class_list":["post-74507","post","type-post","status-publish","format-standard","has-post-thumbnail","hentry","category-actualidad","category-nacionales","category-portada"],"_links":{"self":[{"href":"https:\/\/cobertura.com.do\/vok\/wp-json\/wp\/v2\/posts\/74507","targetHints":{"allow":["GET"]}}],"collection":[{"href":"https:\/\/cobertura.com.do\/vok\/wp-json\/wp\/v2\/posts"}],"about":[{"href":"https:\/\/cobertura.com.do\/vok\/wp-json\/wp\/v2\/types\/post"}],"author":[{"embeddable":true,"href":"https:\/\/cobertura.com.do\/vok\/wp-json\/wp\/v2\/users\/3"}],"replies":[{"embeddable":true,"href":"https:\/\/cobertura.com.do\/vok\/wp-json\/wp\/v2\/comments?post=74507"}],"version-history":[{"count":1,"href":"https:\/\/cobertura.com.do\/vok\/wp-json\/wp\/v2\/posts\/74507\/revisions"}],"predecessor-version":[{"id":74509,"href":"https:\/\/cobertura.com.do\/vok\/wp-json\/wp\/v2\/posts\/74507\/revisions\/74509"}],"wp:featuredmedia":[{"embeddable":true,"href":"https:\/\/cobertura.com.do\/vok\/wp-json\/wp\/v2\/media\/74508"}],"wp:attachment":[{"href":"https:\/\/cobertura.com.do\/vok\/wp-json\/wp\/v2\/media?parent=74507"}],"wp:term":[{"taxonomy":"category","embeddable":true,"href":"https:\/\/cobertura.com.do\/vok\/wp-json\/wp\/v2\/categories?post=74507"},{"taxonomy":"post_tag","embeddable":true,"href":"https:\/\/cobertura.com.do\/vok\/wp-json\/wp\/v2\/tags?post=74507"}],"curies":[{"name":"wp","href":"https:\/\/api.w.org\/{rel}","templated":true}]}}