{"id":75200,"date":"2026-07-23T22:47:14","date_gmt":"2026-07-23T22:47:14","guid":{"rendered":"https:\/\/cobertura.com.do\/vok\/?p=75200"},"modified":"2026-07-23T22:47:23","modified_gmt":"2026-07-23T22:47:23","slug":"fuerza-del-pueblo-protesta-en-la-camara-de-diputados-con-carteles-durante-conocimiento-de-prestamos-por-us465-5-millones","status":"publish","type":"post","link":"https:\/\/cobertura.com.do\/vok\/2026\/07\/23\/fuerza-del-pueblo-protesta-en-la-camara-de-diputados-con-carteles-durante-conocimiento-de-prestamos-por-us465-5-millones\/","title":{"rendered":"Fuerza del Pueblo protesta en la C\u00e1mara de Diputados con carteles durante conocimiento de pr\u00e9stamos por US$465.5 millones"},"content":{"rendered":"<p>&nbsp;<\/p>\n<p>&nbsp;<\/p>\n<p>&nbsp;<\/p>\n<p>&nbsp;<\/p>\n<p><span class=\"dropcap dropcap2\">S<\/span>ANTO DOMINGO.\u2013 Diputados de la bancada de la Fuerza del Pueblo realizaron este mi\u00e9rcoles una protesta silenciosa en el hemiciclo de la C\u00e1mara de Diputados, colocando carteles sobre sus curules con mensajes como: \u00abPRM \u00bfA d\u00f3nde va el dinero de los pr\u00e9stamos?\u00bb y \u00ab\u00bfEn qu\u00e9 invierte el PRM los pr\u00e9stamos?\u00bb, mientras el pleno conoc\u00eda dos contratos de financiamiento internacional por un monto conjunto de US$465.5 millones.<\/p>\n<p>La manifestaci\u00f3n se produjo durante la sesi\u00f3n en la que los legisladores debat\u00edan la aprobaci\u00f3n de dos pr\u00e9stamos destinados a financiar proyectos de infraestructura y desarrollo.<\/p>\n<p>El primero corresponde a un financiamiento para fortalecer la seguridad vial en el pa\u00eds, mientras que el segundo est\u00e1 dirigido a obras relacionadas con el r\u00edo Yuna, uno de los proyectos de mayor impacto en materia de gesti\u00f3n de recursos h\u00eddricos e infraestructura.<\/p>\n<p>Con esta acci\u00f3n, la Fuerza del Pueblo cuestion\u00f3 el creciente endeudamiento del Estado y exigi\u00f3 mayor transparencia sobre el destino de los recursos obtenidos mediante pr\u00e9stamos internacionales.<\/p>\n<p>Los carteles permanecieron visibles en decenas de curules durante parte de la sesi\u00f3n, convirti\u00e9ndose en una de las im\u00e1genes m\u00e1s llamativas del debate legislativo.<\/p>\n<p>Se espera que, tras la discusi\u00f3n, la C\u00e1mara de Diputados decida si aprueba o rechaza ambos contratos de pr\u00e9stamo.<\/p>\n<p>&nbsp;<\/p>\n","protected":false},"excerpt":{"rendered":"<p>&nbsp; &nbsp; &nbsp; &nbsp; SANTO DOMINGO.\u2013 Diputados de la bancada de la Fuerza del Pueblo realizaron este mi\u00e9rcoles una protesta silenciosa en el hemiciclo de la C\u00e1mara de Diputados, colocando carteles sobre sus curules con mensajes como: \u00abPRM \u00bfA d\u00f3nde va el dinero de los pr\u00e9stamos?\u00bb y \u00ab\u00bfEn qu\u00e9 invierte el PRM los pr\u00e9stamos?\u00bb, mientras [&hellip;]<\/p>\n","protected":false},"author":3,"featured_media":75201,"comment_status":"open","ping_status":"closed","sticky":false,"template":"","format":"standard","meta":{"footnotes":""},"categories":[2,4,3],"tags":[],"class_list":["post-75200","post","type-post","status-publish","format-standard","has-post-thumbnail","hentry","category-actualidad","category-nacionales","category-portada"],"_links":{"self":[{"href":"https:\/\/cobertura.com.do\/vok\/wp-json\/wp\/v2\/posts\/75200","targetHints":{"allow":["GET"]}}],"collection":[{"href":"https:\/\/cobertura.com.do\/vok\/wp-json\/wp\/v2\/posts"}],"about":[{"href":"https:\/\/cobertura.com.do\/vok\/wp-json\/wp\/v2\/types\/post"}],"author":[{"embeddable":true,"href":"https:\/\/cobertura.com.do\/vok\/wp-json\/wp\/v2\/users\/3"}],"replies":[{"embeddable":true,"href":"https:\/\/cobertura.com.do\/vok\/wp-json\/wp\/v2\/comments?post=75200"}],"version-history":[{"count":1,"href":"https:\/\/cobertura.com.do\/vok\/wp-json\/wp\/v2\/posts\/75200\/revisions"}],"predecessor-version":[{"id":75202,"href":"https:\/\/cobertura.com.do\/vok\/wp-json\/wp\/v2\/posts\/75200\/revisions\/75202"}],"wp:featuredmedia":[{"embeddable":true,"href":"https:\/\/cobertura.com.do\/vok\/wp-json\/wp\/v2\/media\/75201"}],"wp:attachment":[{"href":"https:\/\/cobertura.com.do\/vok\/wp-json\/wp\/v2\/media?parent=75200"}],"wp:term":[{"taxonomy":"category","embeddable":true,"href":"https:\/\/cobertura.com.do\/vok\/wp-json\/wp\/v2\/categories?post=75200"},{"taxonomy":"post_tag","embeddable":true,"href":"https:\/\/cobertura.com.do\/vok\/wp-json\/wp\/v2\/tags?post=75200"}],"curies":[{"name":"wp","href":"https:\/\/api.w.org\/{rel}","templated":true}]}}