{"id":75374,"date":"2026-08-04T20:54:24","date_gmt":"2026-08-04T20:54:24","guid":{"rendered":"https:\/\/cobertura.com.do\/vok\/?p=75374"},"modified":"2026-08-04T20:54:24","modified_gmt":"2026-08-04T20:54:24","slug":"toque-profundo-celebra-37-anos-de-historia-con-una-noche-para-el-rock-dominicano","status":"publish","type":"post","link":"https:\/\/cobertura.com.do\/vok\/2026\/08\/04\/toque-profundo-celebra-37-anos-de-historia-con-una-noche-para-el-rock-dominicano\/","title":{"rendered":"Toque Profundo celebra 37 a\u00f1os de historia con una noche para el rock dominicano \u2014-"},"content":{"rendered":"<p>&nbsp;<\/p>\n<p>&nbsp;<\/p>\n<p>&nbsp;<\/p>\n<p>La emblem\u00e1tica banda celebrar\u00e1 su aniversario con un concierto especial en Hard Rock Caf\u00e9 Santo Domingo, junto a H\u00e9ctor An\u00edbal y Pamel como invitados.<br \/>\n\u2014-<br \/>\nSanto Domingo, R,D.. \u2013 Treinta y siete a\u00f1os despu\u00e9s de su nacimiento, Toque Profundo contin\u00faa escribiendo una de las historias m\u00e1s importantes del rock dominicano. Para celebrar este nuevo aniversario, la legendaria agrupaci\u00f3n ofrecer\u00e1 un concierto especial el pr\u00f3ximo s\u00e1bado 8 de agosto, a las 9:00 de la noche, en Hard Rock Caf\u00e9 Santo Domingo, en una noche que reunir\u00e1 algunos de los temas m\u00e1s representativos de su carrera.<\/p>\n<p>Con una trayectoria que ha dejado una huella imborrable en la m\u00fasica nacional, la banda subir\u00e1 al escenario para reencontrarse con su p\u00fablico a trav\u00e9s de un repertorio que ha acompa\u00f1ado a varias generaciones y que hoy forma parte del cancionero del rock dominicano.<\/p>\n<p>La celebraci\u00f3n contar\u00e1 con la participaci\u00f3n especial del reconocido actor y cantante H\u00e9ctor An\u00edbal, as\u00ed como del cantante y compositor Pamel, quienes se unir\u00e1n a la banda en una noche concebida para rendir homenaje a casi cuatro d\u00e9cadas de m\u00fasica, historias y emociones.<\/p>\n<p>Bajo la producci\u00f3n de GDD Productions, el espect\u00e1culo promete convertirse en una experiencia inolvidable para los seguidores de Toque Profundo, reafirmando la vigencia de una agrupaci\u00f3n que, 37 a\u00f1os despu\u00e9s, contin\u00faa siendo una referencia obligada dentro del rock hecho en Rep\u00fablica Dominicana.<\/p>\n<p>Las boletas para asistir a este concierto ya est\u00e1n disponibles a trav\u00e9s de tix.do.<\/p>\n","protected":false},"excerpt":{"rendered":"<p>&nbsp; &nbsp; &nbsp; La emblem\u00e1tica banda celebrar\u00e1 su aniversario con un concierto especial en Hard Rock Caf\u00e9 Santo Domingo, junto a H\u00e9ctor An\u00edbal y Pamel como invitados. \u2014- Santo Domingo, R,D.. \u2013 Treinta y siete a\u00f1os despu\u00e9s de su nacimiento, Toque Profundo contin\u00faa escribiendo una de las historias m\u00e1s importantes del rock dominicano. Para celebrar [&hellip;]<\/p>\n","protected":false},"author":3,"featured_media":75375,"comment_status":"open","ping_status":"closed","sticky":false,"template":"","format":"standard","meta":{"footnotes":""},"categories":[2,6,3],"tags":[],"class_list":["post-75374","post","type-post","status-publish","format-standard","has-post-thumbnail","hentry","category-actualidad","category-entretenimiento","category-portada"],"_links":{"self":[{"href":"https:\/\/cobertura.com.do\/vok\/wp-json\/wp\/v2\/posts\/75374","targetHints":{"allow":["GET"]}}],"collection":[{"href":"https:\/\/cobertura.com.do\/vok\/wp-json\/wp\/v2\/posts"}],"about":[{"href":"https:\/\/cobertura.com.do\/vok\/wp-json\/wp\/v2\/types\/post"}],"author":[{"embeddable":true,"href":"https:\/\/cobertura.com.do\/vok\/wp-json\/wp\/v2\/users\/3"}],"replies":[{"embeddable":true,"href":"https:\/\/cobertura.com.do\/vok\/wp-json\/wp\/v2\/comments?post=75374"}],"version-history":[{"count":1,"href":"https:\/\/cobertura.com.do\/vok\/wp-json\/wp\/v2\/posts\/75374\/revisions"}],"predecessor-version":[{"id":75376,"href":"https:\/\/cobertura.com.do\/vok\/wp-json\/wp\/v2\/posts\/75374\/revisions\/75376"}],"wp:featuredmedia":[{"embeddable":true,"href":"https:\/\/cobertura.com.do\/vok\/wp-json\/wp\/v2\/media\/75375"}],"wp:attachment":[{"href":"https:\/\/cobertura.com.do\/vok\/wp-json\/wp\/v2\/media?parent=75374"}],"wp:term":[{"taxonomy":"category","embeddable":true,"href":"https:\/\/cobertura.com.do\/vok\/wp-json\/wp\/v2\/categories?post=75374"},{"taxonomy":"post_tag","embeddable":true,"href":"https:\/\/cobertura.com.do\/vok\/wp-json\/wp\/v2\/tags?post=75374"}],"curies":[{"name":"wp","href":"https:\/\/api.w.org\/{rel}","templated":true}]}}