{"id":75805,"date":"2026-08-30T22:36:35","date_gmt":"2026-08-30T22:36:35","guid":{"rendered":"https:\/\/cobertura.com.do\/vok\/?p=75805"},"modified":"2026-08-30T22:36:35","modified_gmt":"2026-08-30T22:36:35","slug":"ministerio-de-justicia-integra-a-instituciones-del-estado-en-la-construccion-del-sistema-nacional-de-derechos-human","status":"publish","type":"post","link":"https:\/\/cobertura.com.do\/vok\/2026\/08\/30\/ministerio-de-justicia-integra-a-instituciones-del-estado-en-la-construccion-del-sistema-nacional-de-derechos-human\/","title":{"rendered":"Ministerio de Justicia integra a instituciones del Estado en la construcci\u00f3n del Sistema Nacional de Derechos Human"},"content":{"rendered":"<p>&nbsp;<\/p>\n<p>&nbsp;<\/p>\n<p>&nbsp;<\/p>\n<p>os<\/p>\n<p>&nbsp;<\/p>\n<p>&nbsp;<\/p>\n<p>Gobierno, poderes del Estado y \u00f3rganos constitucionales participan en primera reuni\u00f3n de alto nivel para aportar a la propuesta de Reglamento del Sistema<\/p>\n<p>&nbsp;<\/p>\n<p>&nbsp;<\/p>\n<p><span class=\"dropcap dropcap2\">S<\/span>anto Domingo,. \u2013 Cerca de 60 representantes del Gobierno, los poderes del Estado y los \u00f3rganos constitucionales participaron en la primera reuni\u00f3n de alto nivel convocada por el Ministerio de Justicia para intercambiar perspectivas y realizar aportes a la propuesta de Reglamento del Sistema Nacional de Derechos Humanos.<\/p>\n<p>El encuentro forma parte del proceso \u201cConstruyamos el Sistema Nacional de Derechos Humanos\u201d, una iniciativa que procura promover la participaci\u00f3n activa de las instituciones p\u00fablicas en la creaci\u00f3n y consolidaci\u00f3n de un mecanismo nacional de coordinaci\u00f3n en materia de derechos humanos. La actividad se realiz\u00f3 en la sede del Ministerio de Relaciones Exteriores.<\/p>\n<p>Durante la apertura, el ministro de Justicia, Antoliano Peralta Romero, dio la bienvenida a los participantes y resalt\u00f3 la importancia de integrar a las distintas instituciones del Estado, llamadas a desempe\u00f1ar un papel fundamental en la articulaci\u00f3n, implementaci\u00f3n y funcionamiento del Sistema Nacional de Derechos Humanos.<\/p>\n<p>En tanto, el viceministro de Derechos Humanos, Noel Sued Canahuate, present\u00f3 los principales elementos que conforman el Sistema, as\u00ed como el enfoque y los objetivos que orientan su proceso de construcci\u00f3n.<\/p>\n<p>Entre las autoridades participantes estuvieron Ignacio Pascual, juez presidente del Tribunal Superior Electoral; Andr\u00e9s Bautista, ministro Administrativo de la Presidencia; Rafael Santos Bad\u00eda, ministro de Educaci\u00f3n Superior, Ciencia y Tecnolog\u00eda; Maira Margarita Morla Pineda, directora general del Instituto Nacional de Formaci\u00f3n T\u00e9cnico Profesional (INFOTEP); Edward Guzm\u00e1n, director ejecutivo del Seguro Nacional de Salud (SeNaSa); David Herrera D\u00edaz, director ejecutivo del Instituto de Estabilizaci\u00f3n de Precios (INESPRE); Benny E. Metz, presidente del Consejo Nacional de Discapacidad (CONADIS); Demetrio Antonio Vicente Ure\u00f1a, director ejecutivo del Consejo Nacional de la Persona Envejeciente (CONAPE), y Jos\u00e9 Benedicto Hern\u00e1ndez Tejada, director ejecutivo del Instituto Nacional de Migraci\u00f3n.<\/p>\n<p>La mayor\u00eda de los dem\u00e1s ministerios estuvo representada por sus respectivos viceministros. Asimismo, participaron representantes del Tribunal Constitucional, la Defensor\u00eda del Pueblo y la Junta Central Electoral, entre otras instituciones.<\/p>\n<p>Durante la jornada, los participantes analizaron la propuesta de Reglamento desde sus respectivas competencias y experiencias institucionales, identificando puntos de encuentro, mecanismos de articulaci\u00f3n y responsabilidades compartidas entre los diferentes actores del Estado.<\/p>\n<p>El di\u00e1logo permiti\u00f3 reafirmar la necesidad de fortalecer la coordinaci\u00f3n interinstitucional y avanzar hacia una actuaci\u00f3n conjunta para garantizar la promoci\u00f3n, protecci\u00f3n y respeto de los derechos humanos.<\/p>\n<p>En ese sentido, los funcionarios y representantes presentes manifestaron su disposici\u00f3n de integrarse activamente a esta gran mesa de trabajo nacional, aportando desde sus respectivas competencias a la construcci\u00f3n, validaci\u00f3n y consolidaci\u00f3n del Sistema Nacional de Derechos Humanos<\/p>\n","protected":false},"excerpt":{"rendered":"<p>&nbsp; &nbsp; &nbsp; os &nbsp; &nbsp; Gobierno, poderes del Estado y \u00f3rganos constitucionales participan en primera reuni\u00f3n de alto nivel para aportar a la propuesta de Reglamento del Sistema &nbsp; &nbsp; Santo Domingo,. \u2013 Cerca de 60 representantes del Gobierno, los poderes del Estado y los \u00f3rganos constitucionales participaron en la primera reuni\u00f3n de alto [&hellip;]<\/p>\n","protected":false},"author":3,"featured_media":75806,"comment_status":"open","ping_status":"closed","sticky":false,"template":"","format":"standard","meta":{"footnotes":""},"categories":[2,9,3],"tags":[],"class_list":["post-75805","post","type-post","status-publish","format-standard","has-post-thumbnail","hentry","category-actualidad","category-justicia","category-portada"],"_links":{"self":[{"href":"https:\/\/cobertura.com.do\/vok\/wp-json\/wp\/v2\/posts\/75805","targetHints":{"allow":["GET"]}}],"collection":[{"href":"https:\/\/cobertura.com.do\/vok\/wp-json\/wp\/v2\/posts"}],"about":[{"href":"https:\/\/cobertura.com.do\/vok\/wp-json\/wp\/v2\/types\/post"}],"author":[{"embeddable":true,"href":"https:\/\/cobertura.com.do\/vok\/wp-json\/wp\/v2\/users\/3"}],"replies":[{"embeddable":true,"href":"https:\/\/cobertura.com.do\/vok\/wp-json\/wp\/v2\/comments?post=75805"}],"version-history":[{"count":1,"href":"https:\/\/cobertura.com.do\/vok\/wp-json\/wp\/v2\/posts\/75805\/revisions"}],"predecessor-version":[{"id":75807,"href":"https:\/\/cobertura.com.do\/vok\/wp-json\/wp\/v2\/posts\/75805\/revisions\/75807"}],"wp:featuredmedia":[{"embeddable":true,"href":"https:\/\/cobertura.com.do\/vok\/wp-json\/wp\/v2\/media\/75806"}],"wp:attachment":[{"href":"https:\/\/cobertura.com.do\/vok\/wp-json\/wp\/v2\/media?parent=75805"}],"wp:term":[{"taxonomy":"category","embeddable":true,"href":"https:\/\/cobertura.com.do\/vok\/wp-json\/wp\/v2\/categories?post=75805"},{"taxonomy":"post_tag","embeddable":true,"href":"https:\/\/cobertura.com.do\/vok\/wp-json\/wp\/v2\/tags?post=75805"}],"curies":[{"name":"wp","href":"https:\/\/api.w.org\/{rel}","templated":true}]}}