{"id":75808,"date":"2026-08-30T22:39:01","date_gmt":"2026-08-30T22:39:01","guid":{"rendered":"https:\/\/cobertura.com.do\/vok\/?p=75808"},"modified":"2026-08-30T22:39:13","modified_gmt":"2026-08-30T22:39:13","slug":"consejo-nacional-de-la-magistratura-continuara-el-8-de-septiembre-proceso-de-evaluacion-de-jueces-de-la-suprema-corte-de-justicia","status":"publish","type":"post","link":"https:\/\/cobertura.com.do\/vok\/2026\/08\/30\/consejo-nacional-de-la-magistratura-continuara-el-8-de-septiembre-proceso-de-evaluacion-de-jueces-de-la-suprema-corte-de-justicia\/","title":{"rendered":"Consejo Nacional de la Magistratura continuar\u00e1 el 8 de septiembre proceso de evaluaci\u00f3n de jueces de la Suprema Corte de Justicia"},"content":{"rendered":"<p>&nbsp;<\/p>\n<p>&nbsp;<\/p>\n<p>Otorg\u00f3 un plazo razonable a sus integrantes para estudiar los informes de desempe\u00f1o y revisar las entrevistas realizadas a los magistrados evaluados<\/p>\n<p><span class=\"dropcap dropcap2\">S<\/span>anto Domingo.\u2013 El Consejo Nacional de la Magistratura (CNM) decidi\u00f3 este viernes, durante su sesi\u00f3n del 28 de agosto, volver a reunirse el pr\u00f3ximo 8 de septiembre para continuar el proceso de evaluaci\u00f3n de desempe\u00f1o de siete jueces de la Suprema Corte de Justicia (SCJ).<\/p>\n<p>La decisi\u00f3n procura conceder un per\u00edodo razonable a los integrantes del Consejo para estudiar los informes correspondientes a los siete a\u00f1os de desempe\u00f1o de los magistrados evaluados, as\u00ed como revisar el contenido de las entrevistas realizadas el pasado martes 25 de agosto.<\/p>\n<p>Durante la sesi\u00f3n, el Consejo decidi\u00f3 mantener el cronograma aprobado para el proceso de selecci\u00f3n, cuyo inicio est\u00e1 previsto para el pr\u00f3ximo lunes 31 de agosto. Este proceso estar\u00e1 destinado a cubrir las cuatro vacantes existentes en la Suprema Corte de Justicia, as\u00ed como las que eventualmente pudieran generarse como resultado de la evaluaci\u00f3n en curso.<\/p>\n<p>Este proceso permitir\u00e1 considerar postulantes provenientes de la carrera judicial, del ejercicio profesional del derecho y del \u00e1mbito acad\u00e9mico, conforme a las disposiciones constitucionales y reglamentarias aplicables.<\/p>\n<p>El CNM precis\u00f3 que el proceso de evaluaci\u00f3n de los actuales jueces concluir\u00e1 antes de que finalice el proceso de selecci\u00f3n para cubrir las vacantes.<\/p>\n<p>Procedimiento de evaluaci\u00f3n<\/p>\n<p>Conforme al art\u00edculo 4, p\u00e1rrafo I, del reglamento evaluaci\u00f3n, el Consejo Nacional de la Magistratura celebrar\u00e1 cuantas reuniones sean necesarias, a partir del vencimiento del plazo para contestar las objeciones, con miras a agotar el proceso de evaluaci\u00f3n de los jueces sometidos a este ejercicio.<\/p>\n<p>Seg\u00fan establece el p\u00e1rrafo II del citado art\u00edculo 4, en su evaluaci\u00f3n el Consejo Nacional de la Magistratura ponderar\u00e1 los documentos presentados, las informaciones recibidas y la entrevista realizada a cada juez, adem\u00e1s de sus cualidades personales y calidades profesionales, conforme a los criterios establecidos en el reglamento, a fin de decidir sobre la confirmaci\u00f3n de los jueces sometidos al proceso de evaluaci\u00f3n de desempe\u00f1o.<\/p>\n<p>Conforme al art\u00edculo 4 del reglamento, los informes de desempe\u00f1o de los jueces sujetos a evaluaci\u00f3n se encuentran disponibles en el portal electr\u00f3nico del Consejo Nacional de la Magistratura.<\/p>\n<p>&nbsp;<\/p>\n","protected":false},"excerpt":{"rendered":"<p>&nbsp; &nbsp; Otorg\u00f3 un plazo razonable a sus integrantes para estudiar los informes de desempe\u00f1o y revisar las entrevistas realizadas a los magistrados evaluados Santo Domingo.\u2013 El Consejo Nacional de la Magistratura (CNM) decidi\u00f3 este viernes, durante su sesi\u00f3n del 28 de agosto, volver a reunirse el pr\u00f3ximo 8 de septiembre para continuar el proceso [&hellip;]<\/p>\n","protected":false},"author":3,"featured_media":75809,"comment_status":"open","ping_status":"closed","sticky":false,"template":"","format":"standard","meta":{"footnotes":""},"categories":[2,9,4,3,1],"tags":[],"class_list":["post-75808","post","type-post","status-publish","format-standard","has-post-thumbnail","hentry","category-actualidad","category-justicia","category-nacionales","category-portada","category-uncategorized"],"_links":{"self":[{"href":"https:\/\/cobertura.com.do\/vok\/wp-json\/wp\/v2\/posts\/75808","targetHints":{"allow":["GET"]}}],"collection":[{"href":"https:\/\/cobertura.com.do\/vok\/wp-json\/wp\/v2\/posts"}],"about":[{"href":"https:\/\/cobertura.com.do\/vok\/wp-json\/wp\/v2\/types\/post"}],"author":[{"embeddable":true,"href":"https:\/\/cobertura.com.do\/vok\/wp-json\/wp\/v2\/users\/3"}],"replies":[{"embeddable":true,"href":"https:\/\/cobertura.com.do\/vok\/wp-json\/wp\/v2\/comments?post=75808"}],"version-history":[{"count":1,"href":"https:\/\/cobertura.com.do\/vok\/wp-json\/wp\/v2\/posts\/75808\/revisions"}],"predecessor-version":[{"id":75810,"href":"https:\/\/cobertura.com.do\/vok\/wp-json\/wp\/v2\/posts\/75808\/revisions\/75810"}],"wp:featuredmedia":[{"embeddable":true,"href":"https:\/\/cobertura.com.do\/vok\/wp-json\/wp\/v2\/media\/75809"}],"wp:attachment":[{"href":"https:\/\/cobertura.com.do\/vok\/wp-json\/wp\/v2\/media?parent=75808"}],"wp:term":[{"taxonomy":"category","embeddable":true,"href":"https:\/\/cobertura.com.do\/vok\/wp-json\/wp\/v2\/categories?post=75808"},{"taxonomy":"post_tag","embeddable":true,"href":"https:\/\/cobertura.com.do\/vok\/wp-json\/wp\/v2\/tags?post=75808"}],"curies":[{"name":"wp","href":"https:\/\/api.w.org\/{rel}","templated":true}]}}