{"id":75815,"date":"2026-08-30T22:47:54","date_gmt":"2026-08-30T22:47:54","guid":{"rendered":"https:\/\/cobertura.com.do\/vok\/?p=75815"},"modified":"2026-08-30T22:47:54","modified_gmt":"2026-08-30T22:47:54","slug":"abinader-y-asfura-impulsan-nueva-etapa-de-cooperacion-entre-republica-dominicana-y-honduras","status":"publish","type":"post","link":"https:\/\/cobertura.com.do\/vok\/2026\/08\/30\/abinader-y-asfura-impulsan-nueva-etapa-de-cooperacion-entre-republica-dominicana-y-honduras\/","title":{"rendered":"Abinader y Asfura impulsan nueva etapa de cooperaci\u00f3n entre Rep\u00fablica Dominicana y Honduras"},"content":{"rendered":"<p>&nbsp;<\/p>\n<p>&nbsp;<\/p>\n<p>&nbsp;<\/p>\n<p>Ambos mandatarios destacan acuerdos en comercio, seguridad, turismo y proyectos conjuntos durante la visita oficial en el Palacio Nacional<\/p>\n<p><span class=\"dropcap dropcap2\">S<\/span>anto Domingo. \u2013 En el marco de la visita oficial al pa\u00eds del presidente de Honduras, Nasry Asfura Zablah, y durante su encuentro con el presidente Luis Abinader en el Palacio Nacional, ambos mandatarios valoraron de forma positiva los resultados de dos d\u00edas de trabajo conjunto y coincidieron en la necesidad de fortalecer a\u00fan m\u00e1s los lazos bilaterales.<\/p>\n<p>El presidente Abinader agradeci\u00f3 la visita y calific\u00f3 de \u201cmuy positiva\u201d la agenda desarrollada.<\/p>\n<p>Expres\u00f3 satisfacci\u00f3n por las conversaciones francas en las que se revisaron temas de la relaci\u00f3n bilateral e identificaron \u00e1reas concretas de acuerdos.<\/p>\n<p>Construir una relaci\u00f3n cada vez m\u00e1s \u00fatil<\/p>\n<p>Abinader record\u00f3 que ambos pa\u00edses mantienen v\u00ednculos diplom\u00e1ticos de m\u00e1s de cien a\u00f1os y subray\u00f3 la importancia de aprovechar esa historia para construir una relaci\u00f3n cada vez m\u00e1s \u00fatil para sus pueblos.<\/p>\n<p>\u201cHemos conversado de comercio, inversi\u00f3n, conectividad, turismo, cultura y de nuevas oportunidades para nuestros sectores productivos. Hay espacio para crecer y ambos gobiernos tenemos inter\u00e9s en facilitar ese proceso\u201d, afirm\u00f3 Abinader, quien destac\u00f3 el aumento del intercambio comercial y la voluntad de mantener esa tendencia.<\/p>\n<p>&nbsp;<\/p>\n<p>&nbsp;<\/p>\n<p>&nbsp;<\/p>\n","protected":false},"excerpt":{"rendered":"<p>&nbsp; &nbsp; &nbsp; Ambos mandatarios destacan acuerdos en comercio, seguridad, turismo y proyectos conjuntos durante la visita oficial en el Palacio Nacional Santo Domingo. \u2013 En el marco de la visita oficial al pa\u00eds del presidente de Honduras, Nasry Asfura Zablah, y durante su encuentro con el presidente Luis Abinader en el Palacio Nacional, ambos [&hellip;]<\/p>\n","protected":false},"author":3,"featured_media":75816,"comment_status":"open","ping_status":"closed","sticky":false,"template":"","format":"standard","meta":{"footnotes":""},"categories":[2,4,3],"tags":[],"class_list":["post-75815","post","type-post","status-publish","format-standard","has-post-thumbnail","hentry","category-actualidad","category-nacionales","category-portada"],"_links":{"self":[{"href":"https:\/\/cobertura.com.do\/vok\/wp-json\/wp\/v2\/posts\/75815","targetHints":{"allow":["GET"]}}],"collection":[{"href":"https:\/\/cobertura.com.do\/vok\/wp-json\/wp\/v2\/posts"}],"about":[{"href":"https:\/\/cobertura.com.do\/vok\/wp-json\/wp\/v2\/types\/post"}],"author":[{"embeddable":true,"href":"https:\/\/cobertura.com.do\/vok\/wp-json\/wp\/v2\/users\/3"}],"replies":[{"embeddable":true,"href":"https:\/\/cobertura.com.do\/vok\/wp-json\/wp\/v2\/comments?post=75815"}],"version-history":[{"count":1,"href":"https:\/\/cobertura.com.do\/vok\/wp-json\/wp\/v2\/posts\/75815\/revisions"}],"predecessor-version":[{"id":75817,"href":"https:\/\/cobertura.com.do\/vok\/wp-json\/wp\/v2\/posts\/75815\/revisions\/75817"}],"wp:featuredmedia":[{"embeddable":true,"href":"https:\/\/cobertura.com.do\/vok\/wp-json\/wp\/v2\/media\/75816"}],"wp:attachment":[{"href":"https:\/\/cobertura.com.do\/vok\/wp-json\/wp\/v2\/media?parent=75815"}],"wp:term":[{"taxonomy":"category","embeddable":true,"href":"https:\/\/cobertura.com.do\/vok\/wp-json\/wp\/v2\/categories?post=75815"},{"taxonomy":"post_tag","embeddable":true,"href":"https:\/\/cobertura.com.do\/vok\/wp-json\/wp\/v2\/tags?post=75815"}],"curies":[{"name":"wp","href":"https:\/\/api.w.org\/{rel}","templated":true}]}}