{"id":75818,"date":"2026-08-31T20:25:04","date_gmt":"2026-08-31T20:25:04","guid":{"rendered":"https:\/\/cobertura.com.do\/vok\/?p=75818"},"modified":"2026-08-31T20:25:04","modified_gmt":"2026-08-31T20:25:04","slug":"pucmm-ratifica-a-hector-alies-como-director-de-la-escuela-de-derecho-en-santo-domingo","status":"publish","type":"post","link":"https:\/\/cobertura.com.do\/vok\/2026\/08\/31\/pucmm-ratifica-a-hector-alies-como-director-de-la-escuela-de-derecho-en-santo-domingo\/","title":{"rendered":"PUCMM ratifica a H\u00e9ctor Alies como director de la Escuela de Derecho en Santo Domingo"},"content":{"rendered":"<p>&nbsp;<\/p>\n<p>&nbsp;<\/p>\n<p>&nbsp;<\/p>\n<p>&nbsp;<\/p>\n<p><span class=\"dropcap dropcap2\">S<\/span>anto Domingo.\u2013 La Pontificia Universidad Cat\u00f3lica Madre y Maestra (PUCMM) ratific\u00f3 al Dr. H\u00e9ctor Alies Rivas como director de la Escuela de Derecho en su campus de Santo Domingo, reafirmando la confianza institucional en su liderazgo acad\u00e9mico y en la gesti\u00f3n que ha desarrollado al frente de esa unidad acad\u00e9mica desde el a\u00f1o 2019.<\/p>\n<p>La decisi\u00f3n est\u00e1 contenida en la resoluci\u00f3n RC\/001\/2026-2027, de fecha 28 de agosto de 2026, emitida por el rector de la PUCMM, Rvdo. P. Dr. Secilio Espinal, mediante la cual se dispone la continuidad del Dr. Alies Rivas en sus funciones por un nuevo per\u00edodo comprendido entre el 1 de septiembre de 2026 y el 31 de agosto de 2028.<\/p>\n<p>Alies Rivas asumi\u00f3 por primera vez la direcci\u00f3n de la Escuela de Derecho en Santo Domingo el 31 de agosto de 2019. Desde entonces, ha impulsado iniciativas orientadas al fortalecimiento de la formaci\u00f3n jur\u00eddica, la internacionalizaci\u00f3n, la vinculaci\u00f3n de los estudiantes con la pr\u00e1ctica profesional y el acercamiento de la academia a los debates que inciden en la evoluci\u00f3n del derecho y de las instituciones de la Rep\u00fablica Dominicana.<\/p>\n<p>En ese sentido reaccion\u00f3 en la red social X el destacado jurista y profesor Eduardo Jorge Prats, quien expres\u00f3:<\/p>\n<p>\u201cEl Dr. Alies, destacado jurista y acad\u00e9mico, ha continuado y redimensionado la tradici\u00f3n de excelencia acad\u00e9mica que caracteriza a la Universidad y su Escuela de Derecho, fortaleciendo su cuerpo docente, lanzando la revista Iuris Forum, fomentando las relaciones acad\u00e9micas internacionales de la Escuela, organizando en el pa\u00eds importantes congresos y seminarios internacionales, apoyando la participaci\u00f3n de los estudiantes en competencias internacionales y desplegando, en conjunci\u00f3n con la asociaci\u00f3n de estudiantes de Derecho, un din\u00e1mico y actualizado programa de conversatorios, que colocan a esa Escuela de Derecho como l\u00edder nacional en el campo de la formaci\u00f3n jur\u00eddica universitaria de pregrado\u201d.<\/p>\n<p>La ratificaci\u00f3n de Alies Rivas supone, asimismo, la continuidad de una tradici\u00f3n de liderazgo acad\u00e9mico en una Escuela que ocupa un lugar relevante en la ense\u00f1anza y el pensamiento jur\u00eddico dominicano.<\/p>\n<p>A lo largo de su historia en Santo Domingo, su direcci\u00f3n ha estado a cargo de reconocidas figuras del derecho y de la vida institucional del pa\u00eds, entre ellas Rafael Alburquerque, Milton Ray Guevara, Mariano Rodr\u00edguez, Flavio Dar\u00edo Espinal, Eduardo Jorge Prats, Julio Miguel Casta\u00f1os Guzm\u00e1n y Samuel Arias.<\/p>\n<p>En sus primeras declaraciones, tras diversas felicitaciones de miembros de la comunidad jur\u00eddica y acad\u00e9mica, el Dr. Alies Rivas manifest\u00f3:<\/p>\n<p>\u201cDirigir la Escuela de Derecho de PUCMM en Santo Domingo ha sido un privilegio y, sobre todo, una responsabilidad que asumo con renovado compromiso. Seguiremos trabajando, junto a nuestra comunidad acad\u00e9mica, por la excelencia, la innovaci\u00f3n y una formaci\u00f3n jur\u00eddica cada vez m\u00e1s conectada con los desaf\u00edos de nuestro tiempo\u201d.<\/p>\n<p>Con este nuevo per\u00edodo, se augura que la Escuela de Derecho de la PUCMM en Santo Domingo continuar\u00e1 apostando por una ense\u00f1anza jur\u00eddica de excelencia, conectada con las transformaciones de la sociedad, el fortalecimiento del Estado de derecho y los desaf\u00edos que plantean las nuevas tecnolog\u00edas, la globalizaci\u00f3n y las nuevas din\u00e1micas del ejercicio profesional.<\/p>\n<p>&nbsp;<\/p>\n","protected":false},"excerpt":{"rendered":"<p>&nbsp; &nbsp; &nbsp; &nbsp; Santo Domingo.\u2013 La Pontificia Universidad Cat\u00f3lica Madre y Maestra (PUCMM) ratific\u00f3 al Dr. H\u00e9ctor Alies Rivas como director de la Escuela de Derecho en su campus de Santo Domingo, reafirmando la confianza institucional en su liderazgo acad\u00e9mico y en la gesti\u00f3n que ha desarrollado al frente de esa unidad acad\u00e9mica desde [&hellip;]<\/p>\n","protected":false},"author":3,"featured_media":75819,"comment_status":"open","ping_status":"closed","sticky":false,"template":"","format":"standard","meta":{"footnotes":""},"categories":[2,9,3],"tags":[],"class_list":["post-75818","post","type-post","status-publish","format-standard","has-post-thumbnail","hentry","category-actualidad","category-justicia","category-portada"],"_links":{"self":[{"href":"https:\/\/cobertura.com.do\/vok\/wp-json\/wp\/v2\/posts\/75818","targetHints":{"allow":["GET"]}}],"collection":[{"href":"https:\/\/cobertura.com.do\/vok\/wp-json\/wp\/v2\/posts"}],"about":[{"href":"https:\/\/cobertura.com.do\/vok\/wp-json\/wp\/v2\/types\/post"}],"author":[{"embeddable":true,"href":"https:\/\/cobertura.com.do\/vok\/wp-json\/wp\/v2\/users\/3"}],"replies":[{"embeddable":true,"href":"https:\/\/cobertura.com.do\/vok\/wp-json\/wp\/v2\/comments?post=75818"}],"version-history":[{"count":1,"href":"https:\/\/cobertura.com.do\/vok\/wp-json\/wp\/v2\/posts\/75818\/revisions"}],"predecessor-version":[{"id":75820,"href":"https:\/\/cobertura.com.do\/vok\/wp-json\/wp\/v2\/posts\/75818\/revisions\/75820"}],"wp:featuredmedia":[{"embeddable":true,"href":"https:\/\/cobertura.com.do\/vok\/wp-json\/wp\/v2\/media\/75819"}],"wp:attachment":[{"href":"https:\/\/cobertura.com.do\/vok\/wp-json\/wp\/v2\/media?parent=75818"}],"wp:term":[{"taxonomy":"category","embeddable":true,"href":"https:\/\/cobertura.com.do\/vok\/wp-json\/wp\/v2\/categories?post=75818"},{"taxonomy":"post_tag","embeddable":true,"href":"https:\/\/cobertura.com.do\/vok\/wp-json\/wp\/v2\/tags?post=75818"}],"curies":[{"name":"wp","href":"https:\/\/api.w.org\/{rel}","templated":true}]}}