{"id":75826,"date":"2026-08-31T21:37:15","date_gmt":"2026-08-31T21:37:15","guid":{"rendered":"https:\/\/cobertura.com.do\/vok\/?p=75826"},"modified":"2026-08-31T21:38:14","modified_gmt":"2026-08-31T21:38:14","slug":"policia-nacional-y-ministerio-publico-rescatan-14-menores-durante-investigacion-por-presunto-maltrato-y-explotacion-infantil-en-haina","status":"publish","type":"post","link":"https:\/\/cobertura.com.do\/vok\/2026\/08\/31\/policia-nacional-y-ministerio-publico-rescatan-14-menores-durante-investigacion-por-presunto-maltrato-y-explotacion-infantil-en-haina\/","title":{"rendered":"Polic\u00eda Nacional y Ministerio P\u00fablico rescatan 14 menores durante investigaci\u00f3n por presunto maltrato y explotaci\u00f3n infantil en Haina"},"content":{"rendered":"<p>&nbsp;<\/p>\n<p>-M\u00e1s de 10 personas fueron detenidas para fines de investigaci\u00f3n y quedaron bajo disposici\u00f3n del Ministerio P\u00fablico.<\/p>\n<p><span class=\"dropcap dropcap2\">H<\/span>AINA, San Crist\u00f3bal.\u2013 La Polic\u00eda Nacional, en coordinaci\u00f3n con el Ministerio P\u00fablico y la Procuradur\u00eda Especializada de Ni\u00f1os, Ni\u00f1as y Adolescentes, realiz\u00f3 dos allanamientos en el marco de una investigaci\u00f3n por presunto maltrato infantil, explotaci\u00f3n laboral y una eventual situaci\u00f3n de trata de personas, logrando rescatar a 14 menores de edad, incluidos infantes.<\/p>\n<p>Uno de los operativos fue ejecutado en la Fundaci\u00f3n \u201cRestaurando Vida, Un Muerto que Revive\u201d, ubicada en el sector Las Paredes, municipio de Haina.<\/p>\n<p>En la intervenci\u00f3n participaron agentes del Departamento de Investigaci\u00f3n de Trata y Tr\u00e1fico de Personas, junto a representantes de la Fiscal\u00eda de Ni\u00f1os, Ni\u00f1as y Adolescentes de San Crist\u00f3bal, DEAMVI, Polic\u00eda Preventiva, miembros de Investigaciones de San Crist\u00f3bal y otras unidades especializadas.<\/p>\n<p>La investigaci\u00f3n se inici\u00f3 el pasado 28 de agosto, luego de que un ni\u00f1o de 12 a\u00f1os se presentara en el destacamento policial de Hatillo, tras presuntamente escapar del lugar, donde habr\u00eda permanecido junto a otros menores bajo el control de un hombre conocido como \u201cEl Pastor\u201d o \u201cEl Capell\u00e1n\u201d.<\/p>\n<p>De acuerdo con su relato, habr\u00eda sido sometido a maltratos y obligado a realizar labores vinculadas a la construcci\u00f3n y la agricultura.<\/p>\n<p>A partir de esta informaci\u00f3n, los investigadores realizaron las labores de inteligencia, verificaci\u00f3n y levantamiento de evidencias correspondientes, logrando establecer de manera preliminar que el hombre se\u00f1alado ser\u00eda \u00c1ngel Gabriel Capell\u00e1n, de 69 a\u00f1os, quien figura como pastor de la referida fundaci\u00f3n.<\/p>\n<p>As\u00ed mismo tambi\u00e9n m\u00e1s de 10 personas fueron detenidas para fines de investigaci\u00f3n y puestas a disposici\u00f3n del Ministerio P\u00fablico, que determinar\u00e1 las acciones judiciales correspondientes conforme avance el proceso.<\/p>\n<p>De acuerdo con las informaciones recabadas hasta el momento, la entidad intervenida tendr\u00eda como finalidad brindar asistencia a familias en condiciones de vulnerabilidad y a personas hu\u00e9rfanas.<\/p>\n<p>Asimismo, se ha establecido que algunas madres habr\u00edan entregado temporalmente a sus hijos debido a dificultades econ\u00f3micas, circunstancias que son objeto de investigaci\u00f3n para determinar si se produjeron vulneraciones a los derechos de los menores.<\/p>\n<p>Los ni\u00f1os, ni\u00f1as y adolescentes rescatados permanecen bajo protecci\u00f3n de las autoridades competentes, donde reciben las evaluaciones m\u00e9dicas, psicol\u00f3gicas y sociales correspondientes, con el prop\u00f3sito de garantizar su integridad y bienestar.<\/p>\n<p>La Polic\u00eda Nacional y el Ministerio P\u00fablico contin\u00faan profundizando las investigaciones para esclarecer las circunstancias de los hechos, determinar posibles responsabilidades y establecer si se configuran infracciones penales, respetando en todo momento el debido proceso y la protecci\u00f3n integral de los menores.<\/p>\n","protected":false},"excerpt":{"rendered":"<p>&nbsp; -M\u00e1s de 10 personas fueron detenidas para fines de investigaci\u00f3n y quedaron bajo disposici\u00f3n del Ministerio P\u00fablico. HAINA, San Crist\u00f3bal.\u2013 La Polic\u00eda Nacional, en coordinaci\u00f3n con el Ministerio P\u00fablico y la Procuradur\u00eda Especializada de Ni\u00f1os, Ni\u00f1as y Adolescentes, realiz\u00f3 dos allanamientos en el marco de una investigaci\u00f3n por presunto maltrato infantil, explotaci\u00f3n laboral y [&hellip;]<\/p>\n","protected":false},"author":3,"featured_media":75827,"comment_status":"open","ping_status":"closed","sticky":false,"template":"","format":"standard","meta":{"footnotes":""},"categories":[2,4,39,3],"tags":[],"class_list":["post-75826","post","type-post","status-publish","format-standard","has-post-thumbnail","hentry","category-actualidad","category-nacionales","category-policial","category-portada"],"_links":{"self":[{"href":"https:\/\/cobertura.com.do\/vok\/wp-json\/wp\/v2\/posts\/75826","targetHints":{"allow":["GET"]}}],"collection":[{"href":"https:\/\/cobertura.com.do\/vok\/wp-json\/wp\/v2\/posts"}],"about":[{"href":"https:\/\/cobertura.com.do\/vok\/wp-json\/wp\/v2\/types\/post"}],"author":[{"embeddable":true,"href":"https:\/\/cobertura.com.do\/vok\/wp-json\/wp\/v2\/users\/3"}],"replies":[{"embeddable":true,"href":"https:\/\/cobertura.com.do\/vok\/wp-json\/wp\/v2\/comments?post=75826"}],"version-history":[{"count":1,"href":"https:\/\/cobertura.com.do\/vok\/wp-json\/wp\/v2\/posts\/75826\/revisions"}],"predecessor-version":[{"id":75828,"href":"https:\/\/cobertura.com.do\/vok\/wp-json\/wp\/v2\/posts\/75826\/revisions\/75828"}],"wp:featuredmedia":[{"embeddable":true,"href":"https:\/\/cobertura.com.do\/vok\/wp-json\/wp\/v2\/media\/75827"}],"wp:attachment":[{"href":"https:\/\/cobertura.com.do\/vok\/wp-json\/wp\/v2\/media?parent=75826"}],"wp:term":[{"taxonomy":"category","embeddable":true,"href":"https:\/\/cobertura.com.do\/vok\/wp-json\/wp\/v2\/categories?post=75826"},{"taxonomy":"post_tag","embeddable":true,"href":"https:\/\/cobertura.com.do\/vok\/wp-json\/wp\/v2\/tags?post=75826"}],"curies":[{"name":"wp","href":"https:\/\/api.w.org\/{rel}","templated":true}]}}