{"id":75833,"date":"2026-08-31T21:46:20","date_gmt":"2026-08-31T21:46:20","guid":{"rendered":"https:\/\/cobertura.com.do\/vok\/?p=75833"},"modified":"2026-08-31T21:46:20","modified_gmt":"2026-08-31T21:46:20","slug":"indhira-de-jesus-impulsa-proyecto-para-acumular-fondos-no-utilizados-en-medicamentos","status":"publish","type":"post","link":"https:\/\/cobertura.com.do\/vok\/2026\/08\/31\/indhira-de-jesus-impulsa-proyecto-para-acumular-fondos-no-utilizados-en-medicamentos\/","title":{"rendered":"Indhira De Jes\u00fas impulsa proyecto para acumular fondos no utilizados en medicamentos."},"content":{"rendered":"<hr \/>\n<p>ESPACIOSANIDAD.\u2013 La diputada Indhira De Jes\u00fas, representante de la circunscripci\u00f3n n\u00fam. 4 de Santo Domingo Oeste, someti\u00f3 ante la C\u00e1mara de Diputados un proyecto de ley que dispone la acumulaci\u00f3n anual de los fondos de medicamentos no utilizados por los afiliados a las Administradoras de Riesgos de Salud (ARS).<\/p>\n<p>La iniciativa busca evitar que la cobertura destinada a medicamentos se pierda al finalizar cada a\u00f1o. En cambio, propone que el saldo no consumido permanezca disponible para cuando el afiliado enfrente una enfermedad, un diagn\u00f3stico inesperado o un tratamiento prolongado.<\/p>\n<p>\u201cLa seguridad social no puede ser un derecho que vence cada a\u00f1o; debe ser una protecci\u00f3n que acompa\u00f1e a las personas cuando m\u00e1s la necesitan\u201d, afirm\u00f3 la legisladora.<\/p>\n<p>De Jes\u00fas explic\u00f3 que miles de trabajadores cotizan durante a\u00f1os y utilizan poco o nada de su cobertura farmac\u00e9utica porque se mantienen saludables. Sin embargo, cuando enfrentan enfermedades cr\u00f3nicas u otras condiciones que requieren tratamientos permanentes, deben comenzar desde cero, aunque hayan contribuido regularmente al sistema.<\/p>\n<p>El proyecto establece que las ARS deber\u00e1n mantener un registro individual de los fondos no utilizados y entregar a cada afiliado un reporte del monto asignado, consumido, disponible y acumulado. La Superintendencia de Salud y Riesgos Laborales (SISALRIL) tendr\u00eda a su cargo la supervisi\u00f3n del mecanismo.<\/p>\n<p>Asimismo, la diputada propuso una mesa t\u00e9cnica de di\u00e1logo con la participaci\u00f3n del Consejo Nacional de Seguridad Social (CNSS), la SISALRIL, las ARS y representantes de los afiliados, con el prop\u00f3sito de alcanzar una propuesta viable y sostenible.<\/p>\n<p>\u201cQueremos escuchar a todos los sectores involucrados, pero colocando siempre en el centro el bienestar y el derecho a la salud de los afiliados\u201d, expres\u00f3.<\/p>\n<p>De Jes\u00fas sostuvo que la iniciativa procura fortalecer la transparencia y garantizar que los recursos destinados a medicamentos permanezcan al servicio de los ciudadanos.<\/p>\n<p>\u201cEste proyecto nace pensando en los trabajadores, las madres, nuestros adultos mayores y todas las familias dominicanas. Los recursos destinados a su salud deben permanecer a su servicio, especialmente cuando m\u00e1s los necesiten\u201d, concluy\u00f3.<\/p>\n","protected":false},"excerpt":{"rendered":"<p>ESPACIOSANIDAD.\u2013 La diputada Indhira De Jes\u00fas, representante de la circunscripci\u00f3n n\u00fam. 4 de Santo Domingo Oeste, someti\u00f3 ante la C\u00e1mara de Diputados un proyecto de ley que dispone la acumulaci\u00f3n anual de los fondos de medicamentos no utilizados por los afiliados a las Administradoras de Riesgos de Salud (ARS). La iniciativa busca evitar que la [&hellip;]<\/p>\n","protected":false},"author":3,"featured_media":75834,"comment_status":"open","ping_status":"closed","sticky":false,"template":"","format":"standard","meta":{"footnotes":""},"categories":[2,5,11],"tags":[],"class_list":["post-75833","post","type-post","status-publish","format-standard","has-post-thumbnail","hentry","category-actualidad","category-politica","category-salud"],"_links":{"self":[{"href":"https:\/\/cobertura.com.do\/vok\/wp-json\/wp\/v2\/posts\/75833","targetHints":{"allow":["GET"]}}],"collection":[{"href":"https:\/\/cobertura.com.do\/vok\/wp-json\/wp\/v2\/posts"}],"about":[{"href":"https:\/\/cobertura.com.do\/vok\/wp-json\/wp\/v2\/types\/post"}],"author":[{"embeddable":true,"href":"https:\/\/cobertura.com.do\/vok\/wp-json\/wp\/v2\/users\/3"}],"replies":[{"embeddable":true,"href":"https:\/\/cobertura.com.do\/vok\/wp-json\/wp\/v2\/comments?post=75833"}],"version-history":[{"count":1,"href":"https:\/\/cobertura.com.do\/vok\/wp-json\/wp\/v2\/posts\/75833\/revisions"}],"predecessor-version":[{"id":75835,"href":"https:\/\/cobertura.com.do\/vok\/wp-json\/wp\/v2\/posts\/75833\/revisions\/75835"}],"wp:featuredmedia":[{"embeddable":true,"href":"https:\/\/cobertura.com.do\/vok\/wp-json\/wp\/v2\/media\/75834"}],"wp:attachment":[{"href":"https:\/\/cobertura.com.do\/vok\/wp-json\/wp\/v2\/media?parent=75833"}],"wp:term":[{"taxonomy":"category","embeddable":true,"href":"https:\/\/cobertura.com.do\/vok\/wp-json\/wp\/v2\/categories?post=75833"},{"taxonomy":"post_tag","embeddable":true,"href":"https:\/\/cobertura.com.do\/vok\/wp-json\/wp\/v2\/tags?post=75833"}],"curies":[{"name":"wp","href":"https:\/\/api.w.org\/{rel}","templated":true}]}}