{"id":75842,"date":"2026-08-31T22:07:06","date_gmt":"2026-08-31T22:07:06","guid":{"rendered":"https:\/\/cobertura.com.do\/vok\/?p=75842"},"modified":"2026-08-31T22:07:06","modified_gmt":"2026-08-31T22:07:06","slug":"uasd-fortalece-la-transparencia-con-taller-sobre-compras-y-contrataciones-publicas-impartido-por-carlos-pimentel","status":"publish","type":"post","link":"https:\/\/cobertura.com.do\/vok\/2026\/08\/31\/uasd-fortalece-la-transparencia-con-taller-sobre-compras-y-contrataciones-publicas-impartido-por-carlos-pimentel\/","title":{"rendered":"UASD fortalece la transparencia con taller sobre compras y contrataciones p\u00fablicas impartido por Carlos Pimentel"},"content":{"rendered":"<hr \/>\n<p><span class=\"dropcap\">C<\/span>obertura.- La Universidad Aut\u00f3noma de Santo Domingo (UASD), en coordinaci\u00f3n con la Direcci\u00f3n General de Contrataciones P\u00fablicas (DGCP), organiz\u00f3 un taller dirigido a los directivos de las distintas dependencias y departamentos de la academia, con el prop\u00f3sito de actualizar sus conocimientos sobre las novedades de la Ley 47-25, que regula las compras y contrataciones p\u00fablicas.<\/p>\n<p>La jornada formativa estuvo orientada a ofrecer herramientas para una adecuada aplicaci\u00f3n del nuevo marco normativo y su reglamento de aplicaci\u00f3n 52-26, como parte de las acciones que desarrolla la UASD para fortalecer la transparencia, la eficiencia y las buenas pr\u00e1cticas en sus procesos administrativos.<\/p>\n<p>El acto de apertura fue encabezado por el rector de la UASD, doctor Jorge Asjana David, quien agradeci\u00f3 al director general de Contrataciones P\u00fablicas, licenciado Carlos Pimentel, por su disposici\u00f3n de impartir personalmente la capacitaci\u00f3n sobre la \u201cActualizaci\u00f3n del Sistema Nacional de Contrataciones P\u00fablicas\u201d, destacando la importancia de que las autoridades universitarias conozcan y apliquen correctamente las nuevas disposiciones.<\/p>\n<p>Durante la actividad estuvieron presentes los vicerrectores Antonio Ciriaco, Administrativo, y Juana Encarnaci\u00f3n, de Investigaci\u00f3n y Postgrado, as\u00ed como otras autoridades universitarias, quienes valoraron el alcance de este espacio de formaci\u00f3n para continuar fortaleciendo una gesti\u00f3n institucional responsable y apegada a las normas.<\/p>\n<p>Previo al inicio del taller, el rector Asjana David recibi\u00f3 en su despacho al director de la DGCP, con quien intercambi\u00f3 impresiones sobre las novedades introducidas por la Ley 47-25 y las oportunidades que ofrece este marco regulatorio para mejorar los procesos de adquisici\u00f3n de bienes y servicios en las instituciones p\u00fablicas.<\/p>\n<p>En el encuentro tambi\u00e9n se abord\u00f3 el potencial de las compras p\u00fablicas para contribuir al impulso de los sectores productivos nacionales, especialmente de las micro, peque\u00f1as y medianas empresas, reafirmando as\u00ed la visi\u00f3n de la UASD de promover una gesti\u00f3n moderna, transparente y comprometida con el desarrollo del pa\u00eds.<\/p>\n","protected":false},"excerpt":{"rendered":"<p>Cobertura.- La Universidad Aut\u00f3noma de Santo Domingo (UASD), en coordinaci\u00f3n con la Direcci\u00f3n General de Contrataciones P\u00fablicas (DGCP), organiz\u00f3 un taller dirigido a los directivos de las distintas dependencias y departamentos de la academia, con el prop\u00f3sito de actualizar sus conocimientos sobre las novedades de la Ley 47-25, que regula las compras y contrataciones p\u00fablicas. [&hellip;]<\/p>\n","protected":false},"author":3,"featured_media":75843,"comment_status":"open","ping_status":"closed","sticky":false,"template":"","format":"standard","meta":{"footnotes":""},"categories":[2,7,4],"tags":[],"class_list":["post-75842","post","type-post","status-publish","format-standard","has-post-thumbnail","hentry","category-actualidad","category-educacion","category-nacionales"],"_links":{"self":[{"href":"https:\/\/cobertura.com.do\/vok\/wp-json\/wp\/v2\/posts\/75842","targetHints":{"allow":["GET"]}}],"collection":[{"href":"https:\/\/cobertura.com.do\/vok\/wp-json\/wp\/v2\/posts"}],"about":[{"href":"https:\/\/cobertura.com.do\/vok\/wp-json\/wp\/v2\/types\/post"}],"author":[{"embeddable":true,"href":"https:\/\/cobertura.com.do\/vok\/wp-json\/wp\/v2\/users\/3"}],"replies":[{"embeddable":true,"href":"https:\/\/cobertura.com.do\/vok\/wp-json\/wp\/v2\/comments?post=75842"}],"version-history":[{"count":1,"href":"https:\/\/cobertura.com.do\/vok\/wp-json\/wp\/v2\/posts\/75842\/revisions"}],"predecessor-version":[{"id":75844,"href":"https:\/\/cobertura.com.do\/vok\/wp-json\/wp\/v2\/posts\/75842\/revisions\/75844"}],"wp:featuredmedia":[{"embeddable":true,"href":"https:\/\/cobertura.com.do\/vok\/wp-json\/wp\/v2\/media\/75843"}],"wp:attachment":[{"href":"https:\/\/cobertura.com.do\/vok\/wp-json\/wp\/v2\/media?parent=75842"}],"wp:term":[{"taxonomy":"category","embeddable":true,"href":"https:\/\/cobertura.com.do\/vok\/wp-json\/wp\/v2\/categories?post=75842"},{"taxonomy":"post_tag","embeddable":true,"href":"https:\/\/cobertura.com.do\/vok\/wp-json\/wp\/v2\/tags?post=75842"}],"curies":[{"name":"wp","href":"https:\/\/api.w.org\/{rel}","templated":true}]}}