{"id":75848,"date":"2026-08-31T22:10:32","date_gmt":"2026-08-31T22:10:32","guid":{"rendered":"https:\/\/cobertura.com.do\/vok\/?p=75848"},"modified":"2026-08-31T22:10:32","modified_gmt":"2026-08-31T22:10:32","slug":"sns-entrega-remozado-centro-clinico-y-diagnostico-en-los-salados-santiago","status":"publish","type":"post","link":"https:\/\/cobertura.com.do\/vok\/2026\/08\/31\/sns-entrega-remozado-centro-clinico-y-diagnostico-en-los-salados-santiago\/","title":{"rendered":"SNS entrega remozado Centro Cl\u00ednico y Diagn\u00f3stico, en Los Salados, Santiago"},"content":{"rendered":"<hr \/>\n<p>Cobertura.\u2013 El director ejecutivo del Servicio Nacional de Salud (SNS), doctor Julio Landr\u00f3n, entreg\u00f3 este viernes el remozado el Centro Cl\u00ednico y Diagn\u00f3stico de Atenci\u00f3n Primaria Manolo Tavares Justo, en la comunidad de Los Salados, como parte de las acciones dirigidas a fortalecer la atenci\u00f3n primaria y garantizar servicios de salud oportunos, dignos y de calidad a la poblaci\u00f3n.<\/p>\n<p>Landr\u00f3n destac\u00f3 que, bajo las directrices del presidente de la Rep\u00fablica, Luis Abinader, el SNS mantiene el compromiso de fortalecer la Red P\u00fablica, con especial atenci\u00f3n a la prevenci\u00f3n, detecci\u00f3n temprana de enfermedades y acercamiento de los servicios sanitarios a las comunidades.<\/p>\n<p>El establecimiento, que beneficia directamente a una poblaci\u00f3n estimada de cinco mil habitantes, pertenecientes a unas 850 familias, fue intervenido mediante un proceso de remozamiento con una inversi\u00f3n de RD$ 5,199,030.81, mientras que para su equipamiento se destinaron RD$ 1,716,218.25, para una inversi\u00f3n total de RD$ 6,915,249.06.<\/p>\n<p>El director del SNS explic\u00f3 que el centro dispone de sala de espera, consultorio de ginecolog\u00eda, cuatro consultorios polivalentes, dos cub\u00edculos de odontolog\u00eda, \u00e1rea de toma de muestras y laboratorio, rayos X, farmacia y almac\u00e9n, as\u00ed como oficinas administrativas, cocina, comedor, ba\u00f1os-vestidores y \u00e1rea de lavado.<\/p>\n<p>Landr\u00f3n resalt\u00f3 que el fortalecimiento de los servicios odontol\u00f3gicos forma parte de una visi\u00f3n integral de la atenci\u00f3n primaria, al considerar la salud bucal como un componente esencial del bienestar general y de las acciones de prevenci\u00f3n que se ofrecen a la poblaci\u00f3n desde el primer nivel de atenci\u00f3n.<\/p>\n<p>Asimismo, destac\u00f3 que en Santiago el SNS ha impulsado intervenciones tanto en hospitales como en centros de atenci\u00f3n primaria, adem\u00e1s de una inversi\u00f3n superior a RD$ 308 millones en el equipamiento de 18 establecimientos de salud, con el prop\u00f3sito de garantizar que los profesionales cuenten con las herramientas necesarias para brindar una atenci\u00f3n segura y de calidad.<\/p>\n<p>El titular del SNS se\u00f1al\u00f3 que estas acciones se suman al fortalecimiento de la capacidad resolutiva de la Red P\u00fablica en la provincia, mediante la ampliaci\u00f3n y creaci\u00f3n de servicios especializados en \u00e1reas como oncolog\u00eda, cardiolog\u00eda, neumolog\u00eda, rehabilitaci\u00f3n, gastroenterolog\u00eda, oftalmolog\u00eda, salud mental, cuidados intensivos pedi\u00e1tricos y detecci\u00f3n temprana del d\u00e9ficit auditivo.<\/p>\n<p>Finalmente, Landr\u00f3n exhort\u00f3 al personal del centro a cuidar la infraestructura y, sobre todo, a mantener un trato digno y humano hacia cada paciente. Reafirm\u00f3 que el SNS continuar\u00e1 trabajando para que la asistencia oportuna y la humanizaci\u00f3n de los servicios de salud sean una realidad en cada establecimiento de la Red P\u00fablica.<\/p>\n<p>Mientras, la gobernadora de Santiago, Rosa Santos, valor\u00f3 el trabajo que desarrolla el director ejecutivo del SNS, doctor Julio Landr\u00f3n, y destac\u00f3 la atenci\u00f3n que ha brindado a las necesidades de salud de la provincia desde que asumi\u00f3 el cargo. \u00abDoctor Landr\u00f3n, debo darle las gracias a nombre de la comunidad, porque cuando entr\u00e9 a este centro cl\u00ednico diagn\u00f3stico la verdad es que da gusto. No tiene nada que envidiarle a una cl\u00ednica de otra parte; tiene un remozamiento completo, est\u00e1 limpio, organizado y cuenta con equipos nuevos, lo que nos da la seguridad de que aqu\u00ed se ofrecer\u00e1 un servicio de calidad\u00bb, expres\u00f3.<\/p>\n","protected":false},"excerpt":{"rendered":"<p>Cobertura.\u2013 El director ejecutivo del Servicio Nacional de Salud (SNS), doctor Julio Landr\u00f3n, entreg\u00f3 este viernes el remozado el Centro Cl\u00ednico y Diagn\u00f3stico de Atenci\u00f3n Primaria Manolo Tavares Justo, en la comunidad de Los Salados, como parte de las acciones dirigidas a fortalecer la atenci\u00f3n primaria y garantizar servicios de salud oportunos, dignos y de [&hellip;]<\/p>\n","protected":false},"author":3,"featured_media":75849,"comment_status":"open","ping_status":"closed","sticky":false,"template":"","format":"standard","meta":{"footnotes":""},"categories":[2,11],"tags":[],"class_list":["post-75848","post","type-post","status-publish","format-standard","has-post-thumbnail","hentry","category-actualidad","category-salud"],"_links":{"self":[{"href":"https:\/\/cobertura.com.do\/vok\/wp-json\/wp\/v2\/posts\/75848","targetHints":{"allow":["GET"]}}],"collection":[{"href":"https:\/\/cobertura.com.do\/vok\/wp-json\/wp\/v2\/posts"}],"about":[{"href":"https:\/\/cobertura.com.do\/vok\/wp-json\/wp\/v2\/types\/post"}],"author":[{"embeddable":true,"href":"https:\/\/cobertura.com.do\/vok\/wp-json\/wp\/v2\/users\/3"}],"replies":[{"embeddable":true,"href":"https:\/\/cobertura.com.do\/vok\/wp-json\/wp\/v2\/comments?post=75848"}],"version-history":[{"count":1,"href":"https:\/\/cobertura.com.do\/vok\/wp-json\/wp\/v2\/posts\/75848\/revisions"}],"predecessor-version":[{"id":75850,"href":"https:\/\/cobertura.com.do\/vok\/wp-json\/wp\/v2\/posts\/75848\/revisions\/75850"}],"wp:featuredmedia":[{"embeddable":true,"href":"https:\/\/cobertura.com.do\/vok\/wp-json\/wp\/v2\/media\/75849"}],"wp:attachment":[{"href":"https:\/\/cobertura.com.do\/vok\/wp-json\/wp\/v2\/media?parent=75848"}],"wp:term":[{"taxonomy":"category","embeddable":true,"href":"https:\/\/cobertura.com.do\/vok\/wp-json\/wp\/v2\/categories?post=75848"},{"taxonomy":"post_tag","embeddable":true,"href":"https:\/\/cobertura.com.do\/vok\/wp-json\/wp\/v2\/tags?post=75848"}],"curies":[{"name":"wp","href":"https:\/\/api.w.org\/{rel}","templated":true}]}}