{"id":75851,"date":"2026-08-31T22:12:43","date_gmt":"2026-08-31T22:12:43","guid":{"rendered":"https:\/\/cobertura.com.do\/vok\/?p=75851"},"modified":"2026-08-31T22:12:43","modified_gmt":"2026-08-31T22:12:43","slug":"aneih-destaca-que-una-justicia-eficiente-es-clave-para-atraer-inversion","status":"publish","type":"post","link":"https:\/\/cobertura.com.do\/vok\/2026\/08\/31\/aneih-destaca-que-una-justicia-eficiente-es-clave-para-atraer-inversion\/","title":{"rendered":"ANEIH destaca que una justicia eficiente es clave para atraer inversi\u00f3n"},"content":{"rendered":"<hr \/>\n<p>ESPACIOSANIDAD. \u2013 La Asociaci\u00f3n Nacional de Empresas e Industrias Herrera (ANEIH) consider\u00f3 que el fortalecimiento de las instituciones y la modernizaci\u00f3n del sistema de justicia tienen una incidencia directa en la capacidad del pa\u00eds para atraer inversiones, impulsar el emprendimiento, aumentar la producci\u00f3n y generar empleos.<\/p>\n<p>El planteamiento fue expuesto por Francis Mateo, primer vicepresidente de la ANEIH, al destacar la importancia de las reformas normativas que impulsa el Poder Ejecutivo, desde la reforma constitucional hasta la nueva Ley Org\u00e1nica del Ministerio de Justicia.<\/p>\n<p>Sostuvo que los efectos de una justicia eficiente, moderna e independiente trascienden al sector productivo, pues tambi\u00e9n contribuyen a fortalecer la convivencia democr\u00e1tica y garantizar los derechos y las oportunidades de los ciudadanos.<\/p>\n<p>Mateo se\u00f1al\u00f3 que, desde la perspectiva empresarial, contar con reglas claras, instituciones s\u00f3lidas y procesos eficientes genera la confianza necesaria para invertir, emprender, producir y generar empleos.<\/p>\n<p>El primer vicepresidente de la ANEIH ofreci\u00f3 estas declaraciones durante el C\u00f3ctel-Conferencia de la entidad, que cont\u00f3 con la participaci\u00f3n del ministro de Justicia, Antoliano Peralta, quien abord\u00f3 las reformas normativas que impulsa el Poder Ejecutivo, incluidos los cambios en materia constitucional y la nueva Ley Org\u00e1nica del Ministerio de Justicia.<\/p>\n<p>Ante el proceso de reformas institucionales, Mateo plante\u00f3 la importancia de mantener espacios de di\u00e1logo y participaci\u00f3n que permitan escuchar las distintas posiciones de la sociedad y construir consensos sobre los cambios que est\u00e1n llamados a perdurar.<\/p>\n<p>\u201cLos cambios llamados a perdurar requieren escuchar las distintas voces de la sociedad, construir consensos y procurar que las reformas respondan verdaderamente a las necesidades y aspiraciones del pa\u00eds\u201d, expres\u00f3.<\/p>\n<p>Mateo consider\u00f3 que este tipo de encuentros constituye una oportunidad para conocer las propuestas, formular preguntas e intercambiar ideas en un ambiente abierto y constructivo.<\/p>\n<p>El encuentro se realiz\u00f3 en el marco de la Expo Feria Destino Oeste, que se desarroll\u00f3 del 27 al 30 de agosto de 2026 en el Club Julio Sauri, ubicado en la avenida Luper\u00f3n, casi esquina Cayetano Germos\u00e9n.<\/p>\n","protected":false},"excerpt":{"rendered":"<p>ESPACIOSANIDAD. \u2013 La Asociaci\u00f3n Nacional de Empresas e Industrias Herrera (ANEIH) consider\u00f3 que el fortalecimiento de las instituciones y la modernizaci\u00f3n del sistema de justicia tienen una incidencia directa en la capacidad del pa\u00eds para atraer inversiones, impulsar el emprendimiento, aumentar la producci\u00f3n y generar empleos. El planteamiento fue expuesto por Francis Mateo, primer vicepresidente [&hellip;]<\/p>\n","protected":false},"author":3,"featured_media":75852,"comment_status":"open","ping_status":"closed","sticky":false,"template":"","format":"standard","meta":{"footnotes":""},"categories":[2,9,4,15],"tags":[],"class_list":["post-75851","post","type-post","status-publish","format-standard","has-post-thumbnail","hentry","category-actualidad","category-justicia","category-nacionales","category-negocios"],"_links":{"self":[{"href":"https:\/\/cobertura.com.do\/vok\/wp-json\/wp\/v2\/posts\/75851","targetHints":{"allow":["GET"]}}],"collection":[{"href":"https:\/\/cobertura.com.do\/vok\/wp-json\/wp\/v2\/posts"}],"about":[{"href":"https:\/\/cobertura.com.do\/vok\/wp-json\/wp\/v2\/types\/post"}],"author":[{"embeddable":true,"href":"https:\/\/cobertura.com.do\/vok\/wp-json\/wp\/v2\/users\/3"}],"replies":[{"embeddable":true,"href":"https:\/\/cobertura.com.do\/vok\/wp-json\/wp\/v2\/comments?post=75851"}],"version-history":[{"count":1,"href":"https:\/\/cobertura.com.do\/vok\/wp-json\/wp\/v2\/posts\/75851\/revisions"}],"predecessor-version":[{"id":75854,"href":"https:\/\/cobertura.com.do\/vok\/wp-json\/wp\/v2\/posts\/75851\/revisions\/75854"}],"wp:featuredmedia":[{"embeddable":true,"href":"https:\/\/cobertura.com.do\/vok\/wp-json\/wp\/v2\/media\/75852"}],"wp:attachment":[{"href":"https:\/\/cobertura.com.do\/vok\/wp-json\/wp\/v2\/media?parent=75851"}],"wp:term":[{"taxonomy":"category","embeddable":true,"href":"https:\/\/cobertura.com.do\/vok\/wp-json\/wp\/v2\/categories?post=75851"},{"taxonomy":"post_tag","embeddable":true,"href":"https:\/\/cobertura.com.do\/vok\/wp-json\/wp\/v2\/tags?post=75851"}],"curies":[{"name":"wp","href":"https:\/\/api.w.org\/{rel}","templated":true}]}}