{"id":75855,"date":"2026-08-31T22:14:39","date_gmt":"2026-08-31T22:14:39","guid":{"rendered":"https:\/\/cobertura.com.do\/vok\/?p=75855"},"modified":"2026-08-31T22:14:39","modified_gmt":"2026-08-31T22:14:39","slug":"leonel-encabeza-asambleas-en-la-vega-y-bonao-y-asegura-fuerza-del-pueblo-ganara-las-proximas-elecciones","status":"publish","type":"post","link":"https:\/\/cobertura.com.do\/vok\/2026\/08\/31\/leonel-encabeza-asambleas-en-la-vega-y-bonao-y-asegura-fuerza-del-pueblo-ganara-las-proximas-elecciones\/","title":{"rendered":"Leonel encabeza asambleas en La Vega y Bonao y asegura Fuerza del Pueblo ganar\u00e1 las pr\u00f3ximas elecciones"},"content":{"rendered":"<hr \/>\n<p>Bonao, Monse\u00f1or Nouel.\u2013 El presidente del partido Fuerza del Pueblo (FP), Leonel Fern\u00e1ndez, encabez\u00f3 este domingo asambleas provinciales de dirigentes en La Vega y Monse\u00f1or Nouel, donde asegur\u00f3 que el crecimiento alcanzado por la organizaci\u00f3n y el cumplimiento de las cinco metas establecidas en su plan nacional permitir\u00e1n construir la mayor\u00eda necesaria para ganar las elecciones de 2028.<\/p>\n<p>Fern\u00e1ndez destac\u00f3 el avance de las estructuras de la Fuerza del Pueblo y felicit\u00f3 a sus dirigentes por el trabajo que vienen realizando para alcanzar las metas trazadas de cara a las elecciones municipales de febrero y las congresuales y presidenciales de mayo de 2028.<\/p>\n<p>Las asambleas de La Vega y Monse\u00f1or Nouel registraron una asistencia superior al 97 % de los dirigentes convocados, lo que evidencia, de acuerdo con la organizaci\u00f3n, el alto nivel de compromiso y motivaci\u00f3n de sus estructuras provinciales con el proceso de fortalecimiento que desarrolla el partido a nivel nacional.<\/p>\n<p>Durante la asamblea celebrada en La Vega, Fern\u00e1ndez explic\u00f3 que desde su nacimiento la Fuerza del Pueblo ha desarrollado un proceso sostenido de construcci\u00f3n de una estructura pol\u00edtica con presencia en toda la geograf\u00eda nacional, incluyendo las 32 provincias, los municipios y distritos municipales, as\u00ed como las seccionales del exterior.<\/p>\n<p>\u201cHoy estamos en las 32 provincias, en los 162 municipios, en los 270 distritos municipales. La Fuerza del Pueblo se ha posicionado en el territorio de la Rep\u00fablica, y est\u00e1 en todos los municipios de La Vega, en todos los distritos municipales tenemos una presencia, existimos, marcamos nuestra existencia, ah\u00ed est\u00e1, y lo hemos logrado en seis a\u00f1os\u201d, expres\u00f3.<\/p>\n<p>El l\u00edder pol\u00edtico sostuvo que ese crecimiento tambi\u00e9n se refleja en la evoluci\u00f3n electoral experimentada por la organizaci\u00f3n. \u201cTodo es un proceso, es gradual. La primera vez, en el 2020, reci\u00e9n salidos, cinco meses, sacamos un 5 %; bueno, era lo que pod\u00edamos. Pero ya en el 2024, redondeando, sacamos un 30 %, y no hemos empezado una campa\u00f1a y andamos por encima del 40 %. El proceso va\u201d, manifest\u00f3 Fern\u00e1ndez.<\/p>\n","protected":false},"excerpt":{"rendered":"<p>Bonao, Monse\u00f1or Nouel.\u2013 El presidente del partido Fuerza del Pueblo (FP), Leonel Fern\u00e1ndez, encabez\u00f3 este domingo asambleas provinciales de dirigentes en La Vega y Monse\u00f1or Nouel, donde asegur\u00f3 que el crecimiento alcanzado por la organizaci\u00f3n y el cumplimiento de las cinco metas establecidas en su plan nacional permitir\u00e1n construir la mayor\u00eda necesaria para ganar las [&hellip;]<\/p>\n","protected":false},"author":3,"featured_media":75857,"comment_status":"open","ping_status":"closed","sticky":false,"template":"","format":"standard","meta":{"footnotes":""},"categories":[2,5],"tags":[],"class_list":["post-75855","post","type-post","status-publish","format-standard","has-post-thumbnail","hentry","category-actualidad","category-politica"],"_links":{"self":[{"href":"https:\/\/cobertura.com.do\/vok\/wp-json\/wp\/v2\/posts\/75855","targetHints":{"allow":["GET"]}}],"collection":[{"href":"https:\/\/cobertura.com.do\/vok\/wp-json\/wp\/v2\/posts"}],"about":[{"href":"https:\/\/cobertura.com.do\/vok\/wp-json\/wp\/v2\/types\/post"}],"author":[{"embeddable":true,"href":"https:\/\/cobertura.com.do\/vok\/wp-json\/wp\/v2\/users\/3"}],"replies":[{"embeddable":true,"href":"https:\/\/cobertura.com.do\/vok\/wp-json\/wp\/v2\/comments?post=75855"}],"version-history":[{"count":1,"href":"https:\/\/cobertura.com.do\/vok\/wp-json\/wp\/v2\/posts\/75855\/revisions"}],"predecessor-version":[{"id":75859,"href":"https:\/\/cobertura.com.do\/vok\/wp-json\/wp\/v2\/posts\/75855\/revisions\/75859"}],"wp:featuredmedia":[{"embeddable":true,"href":"https:\/\/cobertura.com.do\/vok\/wp-json\/wp\/v2\/media\/75857"}],"wp:attachment":[{"href":"https:\/\/cobertura.com.do\/vok\/wp-json\/wp\/v2\/media?parent=75855"}],"wp:term":[{"taxonomy":"category","embeddable":true,"href":"https:\/\/cobertura.com.do\/vok\/wp-json\/wp\/v2\/categories?post=75855"},{"taxonomy":"post_tag","embeddable":true,"href":"https:\/\/cobertura.com.do\/vok\/wp-json\/wp\/v2\/tags?post=75855"}],"curies":[{"name":"wp","href":"https:\/\/api.w.org\/{rel}","templated":true}]}}