{"id":75866,"date":"2026-08-31T22:19:21","date_gmt":"2026-08-31T22:19:21","guid":{"rendered":"https:\/\/cobertura.com.do\/vok\/?p=75866"},"modified":"2026-08-31T22:19:21","modified_gmt":"2026-08-31T22:19:21","slug":"yvan-lorenzo-pone-bajo-la-lupa-a-milagros-ortiz-bosch-y-la-digeig-no-sabemos-si-es-ocultamiento-o-transparencia","status":"publish","type":"post","link":"https:\/\/cobertura.com.do\/vok\/2026\/08\/31\/yvan-lorenzo-pone-bajo-la-lupa-a-milagros-ortiz-bosch-y-la-digeig-no-sabemos-si-es-ocultamiento-o-transparencia\/","title":{"rendered":"Yv\u00e1n Lorenzo pone bajo la lupa a Milagros Ortiz Bosch y la DIGEIG: \u201cNo sabemos si es ocultamiento o transparencia\u201d"},"content":{"rendered":"<hr \/>\n<p><span class=\"dropcap\">C<\/span>obertura.\u2013 El vicepresidente del Partido de la Liberaci\u00f3n Dominicana (PLD) y exsenador Yv\u00e1n Lorenzo cuestion\u00f3 la labor desarrollada por Milagros Ortiz Bosch al frente de la Direcci\u00f3n General de \u00c9tica e Integridad Gubernamental (DIGEIG), al considerar que esa instituci\u00f3n no ha respondido con efectividad ante los reclamos de transparencia y las denuncias de supuesta corrupci\u00f3n en el Estado.<\/p>\n<p>Durante una entrevista exclusiva concedida a la periodista Jessanin Fr\u00edas para el programa Hispaniola News, Lorenzo puso en duda las altas calificaciones otorgadas por la DIGEIG a dependencias gubernamentales que posteriormente quedaron involucradas en controversias p\u00fablicas.<\/p>\n<p>\u201cLa Direcci\u00f3n General de \u00c9tica e Integridad Gubernamental le otorg\u00f3 casi un 99 % en su evaluaci\u00f3n a la gesti\u00f3n de Educaci\u00f3n; le otorg\u00f3 un noventa y pico por ciento en transparencia a la gesti\u00f3n de Hugo Beras y casi el 100 % a SeNaSa. Entonces, \u00bfde qu\u00e9 estamos hablando? No sabemos si es ocultamiento o transparencia\u201d, expres\u00f3.<\/p>\n<p>El dirigente opositor tambi\u00e9n record\u00f3 que Ortiz Bosch inform\u00f3 sobre el env\u00edo de 246 expedientes con presuntos indicios de corrupci\u00f3n al Ministerio P\u00fablico. Cuestion\u00f3 que, despu\u00e9s de m\u00e1s de cuatro a\u00f1os, se desconozca p\u00fablicamente el resultado de esos casos.<\/p>\n<p>\u201cPienso que do\u00f1a Milagros no ha sido efectiva en la lucha por transparentar el desorden que tiene el Gobierno que encabeza el PRM\u201d, sostuvo Lorenzo.<\/p>\n<p><strong>Cuestiona falta de informaci\u00f3n en Banreservas<\/strong><\/p>\n<p>Al abordar la transparencia de Banreservas, Lorenzo afirm\u00f3 que, durante la gesti\u00f3n de Samuel Pereyra, solicit\u00f3 informaciones que, seg\u00fan explic\u00f3, no estaban protegidas por el secreto bancario, pero nunca le fueron entregadas.<\/p>\n<p>Asegur\u00f3 que tambi\u00e9n acudi\u00f3 a la instituci\u00f3n dirigida por Ortiz Bosch sin obtener respuesta favorable.<\/p>\n<p>\u201cEsa informaci\u00f3n no estaba bajo el principio de discrecionalidad del secreto bancario. Sin embargo, no son transparentes\u201d, declar\u00f3.<\/p>\n<p>Lorenzo sostuvo que Banreservas, por ser una entidad estatal que administra recursos de los dominicanos, debe publicar todas las informaciones que no comprometan los datos privados de sus clientes ni las operaciones amparadas legalmente por el secreto bancario.<\/p>\n","protected":false},"excerpt":{"rendered":"<p>Cobertura.\u2013 El vicepresidente del Partido de la Liberaci\u00f3n Dominicana (PLD) y exsenador Yv\u00e1n Lorenzo cuestion\u00f3 la labor desarrollada por Milagros Ortiz Bosch al frente de la Direcci\u00f3n General de \u00c9tica e Integridad Gubernamental (DIGEIG), al considerar que esa instituci\u00f3n no ha respondido con efectividad ante los reclamos de transparencia y las denuncias de supuesta corrupci\u00f3n [&hellip;]<\/p>\n","protected":false},"author":3,"featured_media":75867,"comment_status":"open","ping_status":"closed","sticky":false,"template":"","format":"standard","meta":{"footnotes":""},"categories":[2,4,5],"tags":[],"class_list":["post-75866","post","type-post","status-publish","format-standard","has-post-thumbnail","hentry","category-actualidad","category-nacionales","category-politica"],"_links":{"self":[{"href":"https:\/\/cobertura.com.do\/vok\/wp-json\/wp\/v2\/posts\/75866","targetHints":{"allow":["GET"]}}],"collection":[{"href":"https:\/\/cobertura.com.do\/vok\/wp-json\/wp\/v2\/posts"}],"about":[{"href":"https:\/\/cobertura.com.do\/vok\/wp-json\/wp\/v2\/types\/post"}],"author":[{"embeddable":true,"href":"https:\/\/cobertura.com.do\/vok\/wp-json\/wp\/v2\/users\/3"}],"replies":[{"embeddable":true,"href":"https:\/\/cobertura.com.do\/vok\/wp-json\/wp\/v2\/comments?post=75866"}],"version-history":[{"count":1,"href":"https:\/\/cobertura.com.do\/vok\/wp-json\/wp\/v2\/posts\/75866\/revisions"}],"predecessor-version":[{"id":75868,"href":"https:\/\/cobertura.com.do\/vok\/wp-json\/wp\/v2\/posts\/75866\/revisions\/75868"}],"wp:featuredmedia":[{"embeddable":true,"href":"https:\/\/cobertura.com.do\/vok\/wp-json\/wp\/v2\/media\/75867"}],"wp:attachment":[{"href":"https:\/\/cobertura.com.do\/vok\/wp-json\/wp\/v2\/media?parent=75866"}],"wp:term":[{"taxonomy":"category","embeddable":true,"href":"https:\/\/cobertura.com.do\/vok\/wp-json\/wp\/v2\/categories?post=75866"},{"taxonomy":"post_tag","embeddable":true,"href":"https:\/\/cobertura.com.do\/vok\/wp-json\/wp\/v2\/tags?post=75866"}],"curies":[{"name":"wp","href":"https:\/\/api.w.org\/{rel}","templated":true}]}}