{"id":75869,"date":"2026-08-31T22:21:27","date_gmt":"2026-08-31T22:21:27","guid":{"rendered":"https:\/\/cobertura.com.do\/vok\/?p=75869"},"modified":"2026-08-31T22:21:27","modified_gmt":"2026-08-31T22:21:27","slug":"vega-real-llama-a-jovenes-a-asumir-la-inteligencia-artificial-con-pensamiento-critico-etica-y-responsabilidad","status":"publish","type":"post","link":"https:\/\/cobertura.com.do\/vok\/2026\/08\/31\/vega-real-llama-a-jovenes-a-asumir-la-inteligencia-artificial-con-pensamiento-critico-etica-y-responsabilidad\/","title":{"rendered":"Vega Real llama a j\u00f3venes a asumir la inteligencia artificial con pensamiento cr\u00edtico, \u00e9tica y responsabilidad"},"content":{"rendered":"<hr \/>\n<p><strong>La Vega.<\/strong>\u2014 El impacto de la inteligencia artificial y la responsabilidad de las nuevas generaciones frente a su avance centraron el XX Congreso de J\u00f3venes de Cooperativa Vega Real, celebrado bajo el lema \u201cInteligencia Artificial y Paz Mundial\u201d, un encuentro que reuni\u00f3 a cientos de j\u00f3venes y profesionales de la tecnolog\u00eda para debatir sobre el uso de estas herramientas al servicio de una sociedad m\u00e1s humana y solidaria.<\/p>\n<p>Durante el encuentro, Yanio Concepci\u00f3n, presidente ejecutivo de Cooperativa Vega Real, advirti\u00f3 que las transformaciones tecnol\u00f3gicas ya forman parte de la realidad y plantean desaf\u00edos que trascienden el \u00e1mbito t\u00e9cnico.<\/p>\n<p>Concepci\u00f3n llam\u00f3 a los j\u00f3venes a prepararse con pensamiento cr\u00edtico, \u00e9tica y responsabilidad para enfrentar estos cambios y destac\u00f3 que el desaf\u00edo de la inteligencia artificial es tambi\u00e9n humano y social. En ese contexto, reafirm\u00f3 la apuesta de Vega Real por acercar el cooperativismo a las nuevas generaciones y promover una tecnolog\u00eda que contribuya al bien com\u00fan.<\/p>\n<p>El panel central\u00a0<strong>\u201cIA: \u00bfherramienta para la paz o desaf\u00edo para la humanidad?\u201d<\/strong>\u00a0cont\u00f3 con las intervenciones del doctor Juan Pe\u00f1a y el ingeniero R\u00f3mulo P\u00e9rez.\u00a0 Pe\u00f1a\u00a0coloc\u00f3 la educaci\u00f3n, la conciencia y el discernimiento como elementos esenciales para relacionarse responsablemente con estas nuevas herramientas. Explic\u00f3 que la tecnolog\u00eda debe amplificar las capacidades humanas, no sustituirlas, insistiendo en la necesidad de utilizar el recurso y no permitir que el recurso termine utilizando a las personas. Su reflexi\u00f3n final fue clara: la inteligencia artificial puede aportar grandes beneficios, pero tambi\u00e9n convertirse en instrumento de manipulaci\u00f3n y control; por eso, debe estar al servicio del ser humano y nunca el ser humano al servicio de ella.<\/p>\n<p>De su lado, el ingeniero R\u00f3mulo P\u00e9rez, a partir de su experiencia en proyectos como el desarrollo de soluciones tecnol\u00f3gicas para el tratamiento del sargazo, exhort\u00f3 a los j\u00f3venes dominicanos a asumir un papel m\u00e1s activo frente a la innovaci\u00f3n y pasar de consumidores de tecnolog\u00eda a creadores de soluciones para las necesidades de sus comunidades.<\/p>\n<p>La jornada incluy\u00f3 adem\u00e1s la conferencia magistral\u00a0<strong>\u201cInteligencia Artificial con prop\u00f3sito: innovaci\u00f3n al servicio de la paz\u201d<\/strong>, impartida por el pol\u00edtico y comunicador Jos\u00e9 Laluz, quien sostuvo que la inteligencia artificial est\u00e1 transformando la manera de aprender, trabajar y vivir, pero advirti\u00f3 que una mayor capacidad tecnol\u00f3gica no garantiza por s\u00ed sola una mejor sociedad.<\/p>\n<p>Laluz plante\u00f3 la necesidad de que el desarrollo de estas herramientas avance acompa\u00f1ado de conciencia y responsabilidad, con la dignidad humana, la cooperaci\u00f3n y la paz como parte de sus prop\u00f3sitos.<\/p>\n<p>El encuentro inici\u00f3 con una invocaci\u00f3n del padre Porfirio Espinal, quien llam\u00f3 a encontrar un equilibrio entre inteligencia y humanidad. \u201cConc\u00e9denos, Se\u00f1or, servir con humanidad y con inteligencia\u201d, expres\u00f3.<\/p>\n<p>En tanto que, Billys Suriel, presidente del Comit\u00e9 de J\u00f3venes, se\u00f1al\u00f3 durante sus palabras de bienvenida que uno de los principales retos de la inteligencia artificial no est\u00e1 \u00fanicamente en sus capacidades t\u00e9cnicas, sino en el prop\u00f3sito que las personas decidan darle. Advirti\u00f3 que las mismas herramientas que permiten educar y conectar tambi\u00e9n pueden utilizarse para dividir y desinformar, por lo que llam\u00f3 a acompa\u00f1ar el desarrollo tecnol\u00f3gico de valores como la empat\u00eda, la \u00e9tica y el servicio.<\/p>\n","protected":false},"excerpt":{"rendered":"<p>La Vega.\u2014 El impacto de la inteligencia artificial y la responsabilidad de las nuevas generaciones frente a su avance centraron el XX Congreso de J\u00f3venes de Cooperativa Vega Real, celebrado bajo el lema \u201cInteligencia Artificial y Paz Mundial\u201d, un encuentro que reuni\u00f3 a cientos de j\u00f3venes y profesionales de la tecnolog\u00eda para debatir sobre el [&hellip;]<\/p>\n","protected":false},"author":3,"featured_media":75870,"comment_status":"open","ping_status":"closed","sticky":false,"template":"","format":"standard","meta":{"footnotes":""},"categories":[2,7,1356],"tags":[],"class_list":["post-75869","post","type-post","status-publish","format-standard","has-post-thumbnail","hentry","category-actualidad","category-educacion","category-tecnologia"],"_links":{"self":[{"href":"https:\/\/cobertura.com.do\/vok\/wp-json\/wp\/v2\/posts\/75869","targetHints":{"allow":["GET"]}}],"collection":[{"href":"https:\/\/cobertura.com.do\/vok\/wp-json\/wp\/v2\/posts"}],"about":[{"href":"https:\/\/cobertura.com.do\/vok\/wp-json\/wp\/v2\/types\/post"}],"author":[{"embeddable":true,"href":"https:\/\/cobertura.com.do\/vok\/wp-json\/wp\/v2\/users\/3"}],"replies":[{"embeddable":true,"href":"https:\/\/cobertura.com.do\/vok\/wp-json\/wp\/v2\/comments?post=75869"}],"version-history":[{"count":1,"href":"https:\/\/cobertura.com.do\/vok\/wp-json\/wp\/v2\/posts\/75869\/revisions"}],"predecessor-version":[{"id":75871,"href":"https:\/\/cobertura.com.do\/vok\/wp-json\/wp\/v2\/posts\/75869\/revisions\/75871"}],"wp:featuredmedia":[{"embeddable":true,"href":"https:\/\/cobertura.com.do\/vok\/wp-json\/wp\/v2\/media\/75870"}],"wp:attachment":[{"href":"https:\/\/cobertura.com.do\/vok\/wp-json\/wp\/v2\/media?parent=75869"}],"wp:term":[{"taxonomy":"category","embeddable":true,"href":"https:\/\/cobertura.com.do\/vok\/wp-json\/wp\/v2\/categories?post=75869"},{"taxonomy":"post_tag","embeddable":true,"href":"https:\/\/cobertura.com.do\/vok\/wp-json\/wp\/v2\/tags?post=75869"}],"curies":[{"name":"wp","href":"https:\/\/api.w.org\/{rel}","templated":true}]}}