{"id":75872,"date":"2026-08-31T22:23:50","date_gmt":"2026-08-31T22:23:50","guid":{"rendered":"https:\/\/cobertura.com.do\/vok\/?p=75872"},"modified":"2026-08-31T22:23:50","modified_gmt":"2026-08-31T22:23:50","slug":"prision-preventiva-para-hombre-imputado-de-agresion-sexual-contra-cuatro-menores-de-edad-en-barahona","status":"publish","type":"post","link":"https:\/\/cobertura.com.do\/vok\/2026\/08\/31\/prision-preventiva-para-hombre-imputado-de-agresion-sexual-contra-cuatro-menores-de-edad-en-barahona\/","title":{"rendered":"Prisi\u00f3n preventiva para hombre imputado de agresi\u00f3n sexual contra cuatro menores de edad en Barahona"},"content":{"rendered":"<hr \/>\n<p class=\"m_-4769540218947994947MsoNoSpacing\"><b><span class=\"dropcap\">C<\/span>obertura.- <\/b>Al acoger la solicitud del Ministerio P\u00fablico, una jueza impuso prisi\u00f3n preventiva, como medida de coerci\u00f3n, contra un hombre imputado de agredir sexualmente a cuatro menores de edad en la provincia de Barahona.<u><\/u><u><\/u><\/p>\n<p class=\"m_-4769540218947994947MsoNoSpacing\">Contra Ram\u00f3n Conton (Mancebo) fue dictada prisi\u00f3n preventiva por espacio de tres meses por disposici\u00f3n de la Oficina Judicial de Servicios de Atenci\u00f3n Permanente del Distrito Judicial de Barahona.<u><\/u><u><\/u><\/p>\n<p class=\"m_-4769540218947994947MsoNoSpacing\">En las investigaciones iniciales, la fiscal de Barahona, Vilmania P\u00e9rez, estableci\u00f3 que los hechos ocurrieron en varias ocasiones en la vivienda de las v\u00edctimas, tres ni\u00f1as y un ni\u00f1o, con edades de 12, 11, 8 y 6 a\u00f1os.<u><\/u><u><\/u><\/p>\n<p class=\"m_-4769540218947994947MsoNoSpacing\">Seg\u00fan se estableci\u00f3 en el proceso, Conton aprovechaba momentos en que los ni\u00f1os se encontraban solos en su vivienda para tocarlos de manera indebida en diferentes partes del cuerpo.<u><\/u><u><\/u><\/p>\n<p class=\"m_-4769540218947994947MsoNoSpacing\">El fiscal litigante Johedis Medina represent\u00f3 al Ministerio P\u00fablico en la audiencia en la que la jueza Mar\u00eda Consuelo Valenzuela impuso la medida de coerci\u00f3n solicitada por el \u00f3rgano persecutor y orden\u00f3 su cumplimiento en la c\u00e1rcel p\u00fablica de Barahona.<u><\/u><u><\/u><\/p>\n<p class=\"m_-4769540218947994947MsoNoSpacing\">El Ministerio P\u00fablico inici\u00f3 las investigaciones del caso el pasado mes de mayo luego de recibir la denuncia de manera an\u00f3nima a trav\u00e9s de la L\u00ednea Vida\u00a0<a href=\"tel:(809)%20200-1202\" target=\"_blank\" rel=\"noopener\">809-200-1202<\/a>.<u><\/u><u><\/u><\/p>\n<p class=\"m_-4769540218947994947MsoNoSpacing\">En el transcurso de las investigaciones, Conton fue arrestado al ejecutarse en su contra la orden judicial No. 2026-0262899 el pasado 7 de agosto.<u><\/u><u><\/u><\/p>\n<p class=\"m_-4769540218947994947MsoNoSpacing\">Posteriormente, el Ministerio P\u00fablico procedi\u00f3 con su sometimiento a la justicia por su vinculaci\u00f3n con los hechos que constituyen una violaci\u00f3n a varios art\u00edculos del antiguo C\u00f3digo Penal y el art\u00edculo 396, letra C, del C\u00f3digo para la Protecci\u00f3n y los Derechos Fundamentales de los Ni\u00f1os, Ni\u00f1as y Adolescentes (Ley 136-03).<u><\/u><u><\/u><\/p>\n<p class=\"m_-4769540218947994947MsoNoSpacing\"><u><\/u><\/p>\n","protected":false},"excerpt":{"rendered":"<p>Cobertura.- Al acoger la solicitud del Ministerio P\u00fablico, una jueza impuso prisi\u00f3n preventiva, como medida de coerci\u00f3n, contra un hombre imputado de agredir sexualmente a cuatro menores de edad en la provincia de Barahona. Contra Ram\u00f3n Conton (Mancebo) fue dictada prisi\u00f3n preventiva por espacio de tres meses por disposici\u00f3n de la Oficina Judicial de Servicios [&hellip;]<\/p>\n","protected":false},"author":3,"featured_media":61843,"comment_status":"open","ping_status":"closed","sticky":false,"template":"","format":"standard","meta":{"footnotes":""},"categories":[2,9],"tags":[],"class_list":["post-75872","post","type-post","status-publish","format-standard","has-post-thumbnail","hentry","category-actualidad","category-justicia"],"_links":{"self":[{"href":"https:\/\/cobertura.com.do\/vok\/wp-json\/wp\/v2\/posts\/75872","targetHints":{"allow":["GET"]}}],"collection":[{"href":"https:\/\/cobertura.com.do\/vok\/wp-json\/wp\/v2\/posts"}],"about":[{"href":"https:\/\/cobertura.com.do\/vok\/wp-json\/wp\/v2\/types\/post"}],"author":[{"embeddable":true,"href":"https:\/\/cobertura.com.do\/vok\/wp-json\/wp\/v2\/users\/3"}],"replies":[{"embeddable":true,"href":"https:\/\/cobertura.com.do\/vok\/wp-json\/wp\/v2\/comments?post=75872"}],"version-history":[{"count":1,"href":"https:\/\/cobertura.com.do\/vok\/wp-json\/wp\/v2\/posts\/75872\/revisions"}],"predecessor-version":[{"id":75873,"href":"https:\/\/cobertura.com.do\/vok\/wp-json\/wp\/v2\/posts\/75872\/revisions\/75873"}],"wp:featuredmedia":[{"embeddable":true,"href":"https:\/\/cobertura.com.do\/vok\/wp-json\/wp\/v2\/media\/61843"}],"wp:attachment":[{"href":"https:\/\/cobertura.com.do\/vok\/wp-json\/wp\/v2\/media?parent=75872"}],"wp:term":[{"taxonomy":"category","embeddable":true,"href":"https:\/\/cobertura.com.do\/vok\/wp-json\/wp\/v2\/categories?post=75872"},{"taxonomy":"post_tag","embeddable":true,"href":"https:\/\/cobertura.com.do\/vok\/wp-json\/wp\/v2\/tags?post=75872"}],"curies":[{"name":"wp","href":"https:\/\/api.w.org\/{rel}","templated":true}]}}