{"id":75878,"date":"2026-09-01T20:46:47","date_gmt":"2026-09-01T20:46:47","guid":{"rendered":"https:\/\/cobertura.com.do\/vok\/?p=75878"},"modified":"2026-09-01T20:46:47","modified_gmt":"2026-09-01T20:46:47","slug":"republica-dominicana-tiene-mas-del-30-por-ciento-de-su-area-marina-bajo-proteccion","status":"publish","type":"post","link":"https:\/\/cobertura.com.do\/vok\/2026\/09\/01\/republica-dominicana-tiene-mas-del-30-por-ciento-de-su-area-marina-bajo-proteccion\/","title":{"rendered":"Rep\u00fablica Dominicana tiene m\u00e1s del 30 por ciento de su \u00e1rea marina bajo protecci\u00f3n"},"content":{"rendered":"<p>&nbsp;<\/p>\n<p>&nbsp;<\/p>\n<p><strong>S<\/strong>ANTO DOMINGO.- Rep\u00fablica Dominicana es uno de los pocos pa\u00edses del mundo que ha cumplido con la protecci\u00f3n de m\u00e1s del 30 por ciento de su \u00e1rea marina, con la creaci\u00f3n de santuarios y parques submarinos.<\/p>\n<p>La ardua labor desarrollada a partir de intensiones internacionales\u00a0 firmados por el Estado\u00a0 como el Acuerdo Sobre Conservaci\u00f3n y el Uso Sostenible de la\u00a0 Diversidad Biol\u00f3gica Marina de las Zonas Situadas Fuera de la Jurisdicci\u00f3n Nacional (BBNJ).<\/p>\n<p>Est\u00e1n dentro de las \u00e1reas protegidas el Santuario de los Bancos de La Plata y La Navidad, espacio vital para la protecci\u00f3n de mam\u00edferos marinos como las ballenas Jorobadas.<\/p>\n<p>Ese santuario est\u00e1 ubicado en el Oc\u00e9ano Atl\u00e1ntico, a unos 140 kil\u00f3metros al norte de la costa de Puerto Plata y fue establecido en 1986 mediante el Decreto 319.<\/p>\n<p>Su superficie abarca m\u00e1s de 50 mil kil\u00f3metros cuadradas de plataforma submarina, y su importancia radica en proteger m\u00e1s del 80 por ciento de la poblaci\u00f3n de ballenas jorobadas del Atl\u00e1ntico Norte que viaja a la zona entre diciembre y marzo para aparearse y parir.<\/p>\n<p>Adem\u00e1s est\u00e1 el Santuario Marino Orlando Jorge Mera, constituyendo una extensa \u00e1rea desde la isla Beata al sur hasta l\u00edmites mar\u00edtimos internacionales. Fue creado en abril del 2024, mediante Decreto 194-24 y protege los ecosistemas de la Ecozona Cordillera Beata, una cadena submarina compartida con Colombia.<\/p>\n<p>Esta plataforma abarca 54,725 kil\u00f3metros cuadrados y es de la categor\u00eda de IV de la Uni\u00f3n Internacional para la Conservaci\u00f3n de la Naturaleza.<\/p>\n<p>El objeto es conservar la biodiversidad marina, proteger especies en peligro y mitigar los efectos del cambio clim\u00e1tico.<\/p>\n<p>El Parqueo Nacional Submarino La Caleta, ubicado cerca de Santo Domingo, la capital, protege arrecifes y pecios artificiales.<\/p>\n<p>Es el primer parque submarino de la Rep\u00fablica Dominicana y fue establecido en 1986, con atracciones principales como sus arrecifes de coral y barcos hundidos intencionalmente para crear h\u00e1bitats marinos artificiales-<\/p>\n<p>En el suroeste est\u00e1 el Parque Nacional Jaragua, que resguarda importantes zonas costeras y playas de anidaci\u00f3n de tortugas marinas.<\/p>\n<p>El Santuario Martino Arrecifes del Sureste y del Suroeste dise\u00f1ados para la preservaci\u00f3n de ecosistemas coralinos y la gesti\u00f3n sostenible de la pesca artesanal.<\/p>\n<p>&nbsp;<\/p>\n<p>&nbsp;<\/p>\n","protected":false},"excerpt":{"rendered":"<p>&nbsp; &nbsp; SANTO DOMINGO.- Rep\u00fablica Dominicana es uno de los pocos pa\u00edses del mundo que ha cumplido con la protecci\u00f3n de m\u00e1s del 30 por ciento de su \u00e1rea marina, con la creaci\u00f3n de santuarios y parques submarinos. La ardua labor desarrollada a partir de intensiones internacionales\u00a0 firmados por el Estado\u00a0 como el Acuerdo Sobre [&hellip;]<\/p>\n","protected":false},"author":3,"featured_media":75879,"comment_status":"open","ping_status":"closed","sticky":false,"template":"","format":"standard","meta":{"footnotes":""},"categories":[2,29,4,3],"tags":[],"class_list":["post-75878","post","type-post","status-publish","format-standard","has-post-thumbnail","hentry","category-actualidad","category-medioambiente","category-nacionales","category-portada"],"_links":{"self":[{"href":"https:\/\/cobertura.com.do\/vok\/wp-json\/wp\/v2\/posts\/75878","targetHints":{"allow":["GET"]}}],"collection":[{"href":"https:\/\/cobertura.com.do\/vok\/wp-json\/wp\/v2\/posts"}],"about":[{"href":"https:\/\/cobertura.com.do\/vok\/wp-json\/wp\/v2\/types\/post"}],"author":[{"embeddable":true,"href":"https:\/\/cobertura.com.do\/vok\/wp-json\/wp\/v2\/users\/3"}],"replies":[{"embeddable":true,"href":"https:\/\/cobertura.com.do\/vok\/wp-json\/wp\/v2\/comments?post=75878"}],"version-history":[{"count":1,"href":"https:\/\/cobertura.com.do\/vok\/wp-json\/wp\/v2\/posts\/75878\/revisions"}],"predecessor-version":[{"id":75880,"href":"https:\/\/cobertura.com.do\/vok\/wp-json\/wp\/v2\/posts\/75878\/revisions\/75880"}],"wp:featuredmedia":[{"embeddable":true,"href":"https:\/\/cobertura.com.do\/vok\/wp-json\/wp\/v2\/media\/75879"}],"wp:attachment":[{"href":"https:\/\/cobertura.com.do\/vok\/wp-json\/wp\/v2\/media?parent=75878"}],"wp:term":[{"taxonomy":"category","embeddable":true,"href":"https:\/\/cobertura.com.do\/vok\/wp-json\/wp\/v2\/categories?post=75878"},{"taxonomy":"post_tag","embeddable":true,"href":"https:\/\/cobertura.com.do\/vok\/wp-json\/wp\/v2\/tags?post=75878"}],"curies":[{"name":"wp","href":"https:\/\/api.w.org\/{rel}","templated":true}]}}