{"id":75887,"date":"2026-09-02T21:16:00","date_gmt":"2026-09-02T21:16:00","guid":{"rendered":"https:\/\/cobertura.com.do\/vok\/?p=75887"},"modified":"2026-09-02T21:17:02","modified_gmt":"2026-09-02T21:17:02","slug":"fundacion-etikos-lanza-curso-especializado-en-etica-de-investigacion-con-seres-humanos","status":"publish","type":"post","link":"https:\/\/cobertura.com.do\/vok\/2026\/09\/02\/fundacion-etikos-lanza-curso-especializado-en-etica-de-investigacion-con-seres-humanos\/","title":{"rendered":"Fundaci\u00f3n Etikos lanza Curso Especializado en \u00c9tica de Investigaci\u00f3n con Seres Humanos"},"content":{"rendered":"<p>&nbsp;<\/p>\n<p>&nbsp;<\/p>\n<p>&nbsp;<\/p>\n<p>El programa est\u00e1 dirigido a profesionales de la salud, docentes, miembros de comit\u00e9s de \u00e9tica, investigadores y estudiantes universitarios<\/p>\n<p><span class=\"dropcap dropcap2\">S<\/span>ANTO DOMINGO. Para dar respuesta a la limitada oferta de formaci\u00f3n especializada en la regi\u00f3n, la Fundaci\u00f3n Etikos anunci\u00f3 la apertura de las inscripciones para el \u201cCurso Especializado en \u00c9tica de Investigaci\u00f3n con Seres Humanos\u201d, un programa acad\u00e9mico internacional dise\u00f1ado para fortalecer competencias \u00e9ticas y cient\u00edficas en la pr\u00e1ctica investigativa.<br \/>\nLa capacitaci\u00f3n, que inicia el pr\u00f3ximo 27 de octubre, tendr\u00e1 una duraci\u00f3n de cuatro semanas y se impartir\u00e1 completamente en modalidad virtual, facilitando la participaci\u00f3n de profesionales y estudiantes de Rep\u00fablica Dominicana, Am\u00e9rica Latina y el Caribe.<br \/>\nEl l\u00edmite para la inscripci\u00f3n es el 28 de septiembre de 2026.<br \/>\nAplicabilidad pr\u00e1ctica desde el primer proyecto<br \/>\nLa Fundaci\u00f3n Etikos sostiene que, en Rep\u00fablica Dominicana \u2014y en gran parte de Latinoam\u00e9rica\u2014 existen pocos programas educativos comprehensivos capaces de certificar competencias reales en esta \u00e1rea y que la formaci\u00f3n suele limitarse a talleres breves o m\u00f3dulos aislados.<br \/>\nEsta propuesta busca combinar rigurosidad acad\u00e9mica y aplicaci\u00f3n directa para que los participantes desarrollen competencias para:<br \/>\n\u2022 Dise\u00f1ar y evaluar investigaciones \u00e9ticamente s\u00f3lidas.<br \/>\n\u2022 Proteger la seguridad de los participantes en estudios cient\u00edficos.<br \/>\n\u2022 Evitar errores \u00e9ticos y metodol\u00f3gicos que comprometan la aprobaci\u00f3n de protocolos, tesis y la reputaci\u00f3n acad\u00e9mica.<br \/>\nEl programa est\u00e1 dirigido a profesionales de la salud, docentes, miembros de comit\u00e9s de \u00e9tica, investigadores y estudiantes universitarios, que busquen iniciar o perfeccionar su camino en la investigaci\u00f3n con seres humanos.<br \/>\n\u00abEste curso forma parte de la Ruta Academy de Fundaci\u00f3n Etikos, un recorrido formativo integrado por este curso, un Diplomado en investigaci\u00f3n para la Salud, y el Programa de Formaci\u00f3n de Investigadores para la Salud (PROFIS), que permite a los participantes avanzar progresivamente desde el fortalecimiento de competencias esenciales hasta el desarrollo y aplicaci\u00f3n pr\u00e1ctica de sus propios proyectos de investigaci\u00f3n\u00bb, precisa Etikos.<br \/>\nInscripciones e informaci\u00f3n<br \/>\nLas personas interesadas en inscribirse o consultar el programa acad\u00e9mico detallado pueden acceder al sitio web oficial de la instituci\u00f3n: www.etikos.org.<br \/>\nDocentes internacionales<br \/>\nEl cuerpo docente est\u00e1 integrado por destacados expertos en bio\u00e9tica e investigaci\u00f3n:<br \/>\nDra. Salom\u00e9 Mart\u00edn (Espa\u00f1a): M\u00e9dica geriatra y geront\u00f3loga, mag\u00edster en \u00e9tica, Directora de Desarrollo T\u00e9cnico en EULEN Sociosanitarios y presidenta de un Comit\u00e9 de \u00c9tica Asistencial.<br \/>\nEddys Rafael Mendoza (Rep. Dominicana): Encargado de la Unidad de \u00c9tica en Fundaci\u00f3n Etikos, coinvestigador y analista de datos con amplia trayectoria en formaci\u00f3n universitaria y hospitalaria.<br \/>\nJulio Arturo Canario (Rep. Dominicana): Fundador de Fundaci\u00f3n Etikos y presidente del Instituto de Salud Mental y Telepsicolog\u00eda (ISAMT), referente en el fortalecimiento de la \u00e9tica cient\u00edfica en la regi\u00f3n.<\/p>\n","protected":false},"excerpt":{"rendered":"<p>&nbsp; &nbsp; &nbsp; El programa est\u00e1 dirigido a profesionales de la salud, docentes, miembros de comit\u00e9s de \u00e9tica, investigadores y estudiantes universitarios SANTO DOMINGO. Para dar respuesta a la limitada oferta de formaci\u00f3n especializada en la regi\u00f3n, la Fundaci\u00f3n Etikos anunci\u00f3 la apertura de las inscripciones para el \u201cCurso Especializado en \u00c9tica de Investigaci\u00f3n con [&hellip;]<\/p>\n","protected":false},"author":3,"featured_media":75888,"comment_status":"open","ping_status":"closed","sticky":false,"template":"","format":"standard","meta":{"footnotes":""},"categories":[2,4,11],"tags":[],"class_list":["post-75887","post","type-post","status-publish","format-standard","has-post-thumbnail","hentry","category-actualidad","category-nacionales","category-salud"],"_links":{"self":[{"href":"https:\/\/cobertura.com.do\/vok\/wp-json\/wp\/v2\/posts\/75887","targetHints":{"allow":["GET"]}}],"collection":[{"href":"https:\/\/cobertura.com.do\/vok\/wp-json\/wp\/v2\/posts"}],"about":[{"href":"https:\/\/cobertura.com.do\/vok\/wp-json\/wp\/v2\/types\/post"}],"author":[{"embeddable":true,"href":"https:\/\/cobertura.com.do\/vok\/wp-json\/wp\/v2\/users\/3"}],"replies":[{"embeddable":true,"href":"https:\/\/cobertura.com.do\/vok\/wp-json\/wp\/v2\/comments?post=75887"}],"version-history":[{"count":1,"href":"https:\/\/cobertura.com.do\/vok\/wp-json\/wp\/v2\/posts\/75887\/revisions"}],"predecessor-version":[{"id":75889,"href":"https:\/\/cobertura.com.do\/vok\/wp-json\/wp\/v2\/posts\/75887\/revisions\/75889"}],"wp:featuredmedia":[{"embeddable":true,"href":"https:\/\/cobertura.com.do\/vok\/wp-json\/wp\/v2\/media\/75888"}],"wp:attachment":[{"href":"https:\/\/cobertura.com.do\/vok\/wp-json\/wp\/v2\/media?parent=75887"}],"wp:term":[{"taxonomy":"category","embeddable":true,"href":"https:\/\/cobertura.com.do\/vok\/wp-json\/wp\/v2\/categories?post=75887"},{"taxonomy":"post_tag","embeddable":true,"href":"https:\/\/cobertura.com.do\/vok\/wp-json\/wp\/v2\/tags?post=75887"}],"curies":[{"name":"wp","href":"https:\/\/api.w.org\/{rel}","templated":true}]}}