{"id":75890,"date":"2026-09-02T22:04:09","date_gmt":"2026-09-02T22:04:09","guid":{"rendered":"https:\/\/cobertura.com.do\/vok\/?p=75890"},"modified":"2026-09-02T22:20:16","modified_gmt":"2026-09-02T22:20:16","slug":"gobierno-cataloga-como-terroristas-medioambientales-aquellos-que-afecten-los-parques-nacionales","status":"publish","type":"post","link":"https:\/\/cobertura.com.do\/vok\/2026\/09\/02\/gobierno-cataloga-como-terroristas-medioambientales-aquellos-que-afecten-los-parques-nacionales\/","title":{"rendered":"Gobierno cataloga como terroristas medioambientales aquellos que afecten los parques nacionales"},"content":{"rendered":"<p>&nbsp;<\/p>\n<p>&nbsp;<\/p>\n<p>&nbsp;<\/p>\n<p>&nbsp;<\/p>\n<p>Se advierte que se perseguir\u00e1 a quienes atenten contra el medioambiente y el C\u00f3digo Penal tiene sanciones dr\u00e1sticas de 20 y 30 a\u00f1os<\/p>\n<p><span class=\"dropcap dropcap2\">S<\/span>anto Domingo. El Gobierno dominicano emiti\u00f3 este mi\u00e9rcoles el decreto 615-26, mediante el cual se declara de alto inter\u00e9s nacional y prioridad estrat\u00e9gica el combate al terrorismo medioambiental, estableciendo que las agresiones deliberadas contra los parques nacionales y los recursos naturales cr\u00edticos recibir\u00e1n una respuesta contundente con acciones dr\u00e1sticas y una persecuci\u00f3n penal implacable.<\/p>\n<p>Durante el acto de presentaci\u00f3n de la normativa, celebrado en el Sal\u00f3n Las Cari\u00e1tides del Palacio Nacional, el presidente de la Rep\u00fablica, Luis Abinader, catalog\u00f3 como actos terroristas medioambientales aquellas acciones perpetradas por desaparici\u00f3n o da\u00f1o sistem\u00e1tico a los parques nacionales, advirtiendo que habr\u00e1 acciones m\u00e1s dr\u00e1sticas y persecuciones firmes contra nacionales dominicanos y extranjeros que incurran en estos il\u00edcitos.<\/p>\n<p>Estuvieron junto al presidente Abinader, los ministros Administrativo de la Presidencia, Andr\u00e9s Bautista; de Medio Ambiente y Recursos Naturales, Pa\u00edno Henr\u00edquez; de Defensa, teniente general Carlos Antonio Fern\u00e1ndez Onofre; el director de Migraci\u00f3n, Luis Rafael Lee Ballester y el subconsultor Jur\u00eddico del Poder Ejecutivo, Maireni Rivas.<\/p>\n<p>Un antes y un despu\u00e9s en la protecci\u00f3n de los recursos naturales<\/p>\n<p>El mandatario se\u00f1al\u00f3 que, durante d\u00e9cadas, los parques nacionales carecieron de la atenci\u00f3n y la seguridad jur\u00eddica necesarias por parte del Estado.<\/p>\n<p>Inform\u00f3 que, al inicio de su gesti\u00f3n, se constat\u00f3 con sorpresa que la mayor\u00eda de estas \u00e1reas protegidas ni siquiera contaban con t\u00edtulos de propiedad a nombre del Estado, situaci\u00f3n que ya comenz\u00f3 a corregirse mediante un proceso de titulaci\u00f3n nacional.<\/p>\n<p>Asimismo, Abinader advirti\u00f3 que gran parte de los incendios forestales registrados recientemente \u2014como el ocurrido en el Parque Nacional de Bahoruco\u2014 son provocados por actividades il\u00edcitas que no solo destruyen la flora y la fauna, sino que comprometen gravemente el suministro de agua y la seguridad alimentaria de la naci\u00f3n.<\/p>\n<p>Acciones dr\u00e1sticas y aplicaci\u00f3n del C\u00f3digo Penal<\/p>\n<p>Ante la vulnerabilidad detectada en los marcos legales anteriores, donde los infractores frecuentemente quedaban en libertad a los pocos d\u00edas, el Gobierno ha decidido actuar con la mayor contundencia. Con el respaldo de las disposiciones legales y el nuevo C\u00f3digo Penal, las conductas que afecten los parques nacionales enfrentar\u00e1n sanciones de 20 a 30 a\u00f1os de c\u00e1rcel.<\/p>\n<p>El jefe de Estado fue enf\u00e1tico al se\u00f1alar que se han girado instrucciones precisas a las Fuerzas Armadas, a la Direcci\u00f3n General de Migraci\u00f3n y a los cuerpos de inteligencia para que tanto los autores materiales \u2014muchos de ellos nacionales haitianos\u2014 como los determinadores o patrocinadores de nacionalidad dominicana que los contraten o env\u00eden, enfrenten exactamente el mismo peso de la ley, sin excepciones ni impunidad.<\/p>\n<p>Puntos Clave del Decreto N\u00fam. 615-26<\/p>\n<p>Declaratoria de Alto Inter\u00e9s (Art. 1):* Prioriza la prevenci\u00f3n, detecci\u00f3n e investigaci\u00f3n del terrorismo medioambiental, defini\u00e9ndolo como aquellos actos graves contra los recursos naturales y ecosistemas estrat\u00e9gicos que se equiparen a las normativas antiterroristas vigentes.<\/p>\n<p>Activos Protegidos (Art. 2):* Otorga especial protecci\u00f3n a los sistemas de \u00e1reas protegidas, cuencas hidrogr\u00e1ficas prioritarias, presas, embalses, manglares, humedales y nacimientos de r\u00edos.<\/p>\n<p>Coordinaci\u00f3n Institucional (Art. 3 y 4):* Instruye al Comit\u00e9 Nacional Antiterrorista, al Ministerio de Defensa, al Ministerio de Medio Ambiente, a la Polic\u00eda Nacional y a la Direcci\u00f3n General de Migraci\u00f3n a dise\u00f1ar una Pol\u00edtica Nacional de Prevenci\u00f3n y Combate orientada a neutralizar incendios forestales provocados y amenazas a la infraestructura h\u00eddrica y energ\u00e9tica.<\/p>\n<p>Persecuci\u00f3n Penal (Art. 5):* Dispone la remisi\u00f3n inmediata de cualquier agresi\u00f3n al patrimonio ambiental ante el Ministerio P\u00fablico para asegurar la acci\u00f3n penal correspondiente.<\/p>\n<p>Participaci\u00f3n Ciudadana (Art. 6):* Establece plataformas tecnol\u00f3gicas y mecanismos de denuncia confidencial para garantizar la protecci\u00f3n de los ciudadanos colaboradores de buena fe.<\/p>\n","protected":false},"excerpt":{"rendered":"<p>&nbsp; &nbsp; &nbsp; &nbsp; Se advierte que se perseguir\u00e1 a quienes atenten contra el medioambiente y el C\u00f3digo Penal tiene sanciones dr\u00e1sticas de 20 y 30 a\u00f1os Santo Domingo. El Gobierno dominicano emiti\u00f3 este mi\u00e9rcoles el decreto 615-26, mediante el cual se declara de alto inter\u00e9s nacional y prioridad estrat\u00e9gica el combate al terrorismo medioambiental, [&hellip;]<\/p>\n","protected":false},"author":3,"featured_media":75891,"comment_status":"open","ping_status":"closed","sticky":false,"template":"","format":"standard","meta":{"footnotes":""},"categories":[29,3,1],"tags":[],"class_list":["post-75890","post","type-post","status-publish","format-standard","has-post-thumbnail","hentry","category-medioambiente","category-portada","category-uncategorized"],"_links":{"self":[{"href":"https:\/\/cobertura.com.do\/vok\/wp-json\/wp\/v2\/posts\/75890","targetHints":{"allow":["GET"]}}],"collection":[{"href":"https:\/\/cobertura.com.do\/vok\/wp-json\/wp\/v2\/posts"}],"about":[{"href":"https:\/\/cobertura.com.do\/vok\/wp-json\/wp\/v2\/types\/post"}],"author":[{"embeddable":true,"href":"https:\/\/cobertura.com.do\/vok\/wp-json\/wp\/v2\/users\/3"}],"replies":[{"embeddable":true,"href":"https:\/\/cobertura.com.do\/vok\/wp-json\/wp\/v2\/comments?post=75890"}],"version-history":[{"count":1,"href":"https:\/\/cobertura.com.do\/vok\/wp-json\/wp\/v2\/posts\/75890\/revisions"}],"predecessor-version":[{"id":75892,"href":"https:\/\/cobertura.com.do\/vok\/wp-json\/wp\/v2\/posts\/75890\/revisions\/75892"}],"wp:featuredmedia":[{"embeddable":true,"href":"https:\/\/cobertura.com.do\/vok\/wp-json\/wp\/v2\/media\/75891"}],"wp:attachment":[{"href":"https:\/\/cobertura.com.do\/vok\/wp-json\/wp\/v2\/media?parent=75890"}],"wp:term":[{"taxonomy":"category","embeddable":true,"href":"https:\/\/cobertura.com.do\/vok\/wp-json\/wp\/v2\/categories?post=75890"},{"taxonomy":"post_tag","embeddable":true,"href":"https:\/\/cobertura.com.do\/vok\/wp-json\/wp\/v2\/tags?post=75890"}],"curies":[{"name":"wp","href":"https:\/\/api.w.org\/{rel}","templated":true}]}}