{"id":75896,"date":"2026-09-02T22:23:49","date_gmt":"2026-09-02T22:23:49","guid":{"rendered":"https:\/\/cobertura.com.do\/vok\/?p=75896"},"modified":"2026-09-02T22:23:57","modified_gmt":"2026-09-02T22:23:57","slug":"pais-se-adhiere-a-la-declaracion-de-consenso-de-ginebra-sobre-la-promocion-de-la-salud-de-la-mujer-y-el-fortalecimiento-de-la-familia","status":"publish","type":"post","link":"https:\/\/cobertura.com.do\/vok\/2026\/09\/02\/pais-se-adhiere-a-la-declaracion-de-consenso-de-ginebra-sobre-la-promocion-de-la-salud-de-la-mujer-y-el-fortalecimiento-de-la-familia\/","title":{"rendered":"Pa\u00eds se adhiere a la Declaraci\u00f3n de Consenso de Ginebra sobre la promoci\u00f3n de la salud de la mujer y el fortalecimiento de la familia"},"content":{"rendered":"<p>&nbsp;<\/p>\n<p>&nbsp;<\/p>\n<p>\u25cf Rep\u00fablica Dominicana se convierte en el pa\u00eds m\u00e1s reciente en adherirse a esta Declaraci\u00f3n, una iniciativa liderada por el presidente Donald Trump impulsada originalmente en 2020. El acuerdo fue suscrito por el ministro V\u00edctor &#8216;Ito&#8217; Bison\u00f3 Haza y la embajadora Leah Francis Campos.<\/p>\n<p><span class=\"dropcap dropcap1\">S<\/span>anto Domingo de Guzm\u00e1n, . \u2013 El Gobierno de Rep\u00fablica Dominicana formaliz\u00f3 su adhesi\u00f3n a la Declaraci\u00f3n de Consenso de Ginebra sobre la Promoci\u00f3n de la Salud de la Mujer y el Fortalecimiento de la Familia, un instrumento que promueve las oportunidades de las mujeres, la protecci\u00f3n de la vida y la preservaci\u00f3n de la familia como eje central de una sociedad.<\/p>\n<p>El pa\u00eds se sum\u00f3 a la declaraci\u00f3n mediante un Acuerdo de Adhesi\u00f3n suscrito por el ministro de Relaciones Exteriores, V\u00edctor O. Bison\u00f3 Haza; la embajadora de los Estados Unidos en Santo Domingo, Leah Francis Campos; y la secretaria de la Declaraci\u00f3n de Consenso de Ginebra y directora de la Oficina de Asuntos Globales de Salud y Servicios Humanos de los Estados Unidos (HHS), Bethany Kozma.<\/p>\n<p>Durante el acto, el canciller Bison\u00f3 indic\u00f3 que la adhesi\u00f3n al Consenso de Ginebra, el pa\u00eds se incorpora a una creciente comunidad de naciones que reconoce el derecho soberano de cada Estado a definir sus propias pol\u00edticas de acuerdo con su marco constitucional, sus leyes y circunstancias nacionales.<\/p>\n<p>\u201cEsta firma constituye una expresi\u00f3n de los principios que forman parte de nuestra visi\u00f3n como naci\u00f3n y que est\u00e1n consagrados en nuestra Carta Magna. Creemos en la igualdad de la mujer ante la ley, en su derecho a desarrollar plenamente su potencial y acceder a las oportunidades que le permitan avanzar\u201d, sostuvo.<\/p>\n<p>&nbsp;<\/p>\n","protected":false},"excerpt":{"rendered":"<p>&nbsp; &nbsp; \u25cf Rep\u00fablica Dominicana se convierte en el pa\u00eds m\u00e1s reciente en adherirse a esta Declaraci\u00f3n, una iniciativa liderada por el presidente Donald Trump impulsada originalmente en 2020. El acuerdo fue suscrito por el ministro V\u00edctor &#8216;Ito&#8217; Bison\u00f3 Haza y la embajadora Leah Francis Campos. Santo Domingo de Guzm\u00e1n, . \u2013 El Gobierno de [&hellip;]<\/p>\n","protected":false},"author":3,"featured_media":75897,"comment_status":"open","ping_status":"closed","sticky":false,"template":"","format":"standard","meta":{"footnotes":""},"categories":[2,4,3],"tags":[],"class_list":["post-75896","post","type-post","status-publish","format-standard","has-post-thumbnail","hentry","category-actualidad","category-nacionales","category-portada"],"_links":{"self":[{"href":"https:\/\/cobertura.com.do\/vok\/wp-json\/wp\/v2\/posts\/75896","targetHints":{"allow":["GET"]}}],"collection":[{"href":"https:\/\/cobertura.com.do\/vok\/wp-json\/wp\/v2\/posts"}],"about":[{"href":"https:\/\/cobertura.com.do\/vok\/wp-json\/wp\/v2\/types\/post"}],"author":[{"embeddable":true,"href":"https:\/\/cobertura.com.do\/vok\/wp-json\/wp\/v2\/users\/3"}],"replies":[{"embeddable":true,"href":"https:\/\/cobertura.com.do\/vok\/wp-json\/wp\/v2\/comments?post=75896"}],"version-history":[{"count":1,"href":"https:\/\/cobertura.com.do\/vok\/wp-json\/wp\/v2\/posts\/75896\/revisions"}],"predecessor-version":[{"id":75898,"href":"https:\/\/cobertura.com.do\/vok\/wp-json\/wp\/v2\/posts\/75896\/revisions\/75898"}],"wp:featuredmedia":[{"embeddable":true,"href":"https:\/\/cobertura.com.do\/vok\/wp-json\/wp\/v2\/media\/75897"}],"wp:attachment":[{"href":"https:\/\/cobertura.com.do\/vok\/wp-json\/wp\/v2\/media?parent=75896"}],"wp:term":[{"taxonomy":"category","embeddable":true,"href":"https:\/\/cobertura.com.do\/vok\/wp-json\/wp\/v2\/categories?post=75896"},{"taxonomy":"post_tag","embeddable":true,"href":"https:\/\/cobertura.com.do\/vok\/wp-json\/wp\/v2\/tags?post=75896"}],"curies":[{"name":"wp","href":"https:\/\/api.w.org\/{rel}","templated":true}]}}