{"id":75900,"date":"2026-09-03T20:29:01","date_gmt":"2026-09-03T20:29:01","guid":{"rendered":"https:\/\/cobertura.com.do\/vok\/?p=75900"},"modified":"2026-09-03T20:38:27","modified_gmt":"2026-09-03T20:38:27","slug":"ogtic-celebra-22-anos-de-transformacion-digital-con-mas-de-1-2-millones-de-ciudadanos-atendidos-en-los-puntos-gob","status":"publish","type":"post","link":"https:\/\/cobertura.com.do\/vok\/2026\/09\/03\/ogtic-celebra-22-anos-de-transformacion-digital-con-mas-de-1-2-millones-de-ciudadanos-atendidos-en-los-puntos-gob\/","title":{"rendered":"OGTIC celebra 22 a\u00f1os de transformaci\u00f3n digital con m\u00e1s de 1.2 millones de ciudadanos atendidos en los Puntos GOB"},"content":{"rendered":"<p>&nbsp;<\/p>\n<p>&nbsp;<\/p>\n<p>&nbsp;<\/p>\n<p>La instituci\u00f3n destaca avances en simplificaci\u00f3n de tr\u00e1mites, inclusi\u00f3n, interoperabilidad y est\u00e1ndares digitales, mientras Rep\u00fablica Dominicana fortalece su liderazgo regional en transformaci\u00f3n digital.<br \/>\nSanto Domingo.\u2013 La Oficina Gubernamental de Tecnolog\u00edas de la Informaci\u00f3n y Comunicaci\u00f3n (OGTIC) celebr\u00f3 sus 22 a\u00f1os al servicio de la Rep\u00fablica Dominicana, destacando una trayectoria de transformaci\u00f3n digital que hoy se traduce en servicios p\u00fablicos m\u00e1s accesibles, procesos m\u00e1s eficientes y una relaci\u00f3n m\u00e1s cercana entre el Estado y la ciudadan\u00eda.<br \/>\nDurante la conmemoraci\u00f3n del aniversario, que incluy\u00f3 una eucarist\u00eda en el Santuario Arquidiocesano Nuestra Se\u00f1ora de la Altagracia, el director general de OGTIC, Edgar Batista, resalt\u00f3 que la transformaci\u00f3n digital debe medirse, sobre todo, por su capacidad de mejorar la vida de las personas.<br \/>\n\u201cEstas cifras representan mucho m\u00e1s que n\u00fameros. Representan tiempo ahorrado, tr\u00e1mites simplificados y ciudadanos que encuentran un Estado m\u00e1s accesible y cercano. Ese es el sentido de la transformaci\u00f3n digital que estamos impulsando: utilizar la tecnolog\u00eda para generar soluciones concretas que faciliten la vida de las personas\u201d, afirm\u00f3 Batista.<br \/>\nBatista destac\u00f3 que \u201cEntre febrero de 2025 y junio 2026, los Puntos GOB atendieron a m\u00e1s de 1,2 millones de ciudadanos y gestionaron cerca de 1,5 millones de servicios, alcanzando niveles de satisfacci\u00f3n superiores al 99 %\u201d.<br \/>\nSolo durante el primer semestre de 2026, la red atendi\u00f3 a 493,104 ciudadanos y gestion\u00f3 649,483 servicios, generando un ahorro estimado de RD$81.3 millones para la ciudadan\u00eda, principalmente por la reducci\u00f3n de desplazamientos y otros costos asociados al acceso a los servicios p\u00fablicos.<br \/>\nEl impacto tambi\u00e9n alcanza a poblaciones que requieren una atenci\u00f3n m\u00e1s inclusiva. M\u00e1s de 44,000 ciudadanos con discapacidad han sido atendidos a trav\u00e9s de los Puntos GOB, con m\u00e1s de 48,000 servicios gestionados para esta poblaci\u00f3n.<br \/>\n\u201cEstamos construyendo una administraci\u00f3n p\u00fablica verdaderamente inclusiva. Queremos que acceder al Estado sea cada vez m\u00e1s sencillo, independientemente de la condici\u00f3n o del lugar donde se encuentre el ciudadano\u201d, agreg\u00f3 Batista.<br \/>\nComo parte de la expansi\u00f3n de este modelo, OGTIC desarrolla actualmente un proceso de remozamiento y modernizaci\u00f3n de los Puntos GOB y promueve acuerdos estrat\u00e9gicos con instituciones del Estado para habilitar nuevos centros dentro de instalaciones gubernamentales, optimizando recursos y acelerando la ampliaci\u00f3n de la cobertura nacional.<br \/>\nM\u00e1s est\u00e1ndares y capacidades para un Estado digital<br \/>\nLos avances tambi\u00e9n se reflejan en el fortalecimiento de las capacidades tecnol\u00f3gicas de las instituciones p\u00fablicas.<br \/>\nDurante 2025, OGTIC emiti\u00f3 32 nuevas certificaciones NORTIC y realiz\u00f3 177 recertificaciones, beneficiando a m\u00e1s de 162 instituciones p\u00fablicas. A esto se suman 194 asistencias t\u00e9cnicas y 184 asesor\u00edas institucionales vinculadas al iTICge, dirigidas a acompa\u00f1ar a las entidades en sus procesos de transformaci\u00f3n digital.<br \/>\nEste mes, la entidad se prepara para acoger la Reuni\u00f3n Ministerial de la Red GEALC, con lo que consolida su participaci\u00f3n en la transformaci\u00f3n digital regional. A este liderazgo se suma la Presidencia del Grupo de Trabajo Regional sobre Inteligencia Artificial, desde donde la instituci\u00f3n impulsa una agenda orientada al desarrollo responsable, \u00e9tico e inclusivo de esta tecnolog\u00eda.<\/p>\n","protected":false},"excerpt":{"rendered":"<p>&nbsp; &nbsp; &nbsp; La instituci\u00f3n destaca avances en simplificaci\u00f3n de tr\u00e1mites, inclusi\u00f3n, interoperabilidad y est\u00e1ndares digitales, mientras Rep\u00fablica Dominicana fortalece su liderazgo regional en transformaci\u00f3n digital. Santo Domingo.\u2013 La Oficina Gubernamental de Tecnolog\u00edas de la Informaci\u00f3n y Comunicaci\u00f3n (OGTIC) celebr\u00f3 sus 22 a\u00f1os al servicio de la Rep\u00fablica Dominicana, destacando una trayectoria de transformaci\u00f3n digital [&hellip;]<\/p>\n","protected":false},"author":3,"featured_media":75901,"comment_status":"open","ping_status":"closed","sticky":false,"template":"","format":"standard","meta":{"footnotes":""},"categories":[2,4,3,1],"tags":[],"class_list":["post-75900","post","type-post","status-publish","format-standard","has-post-thumbnail","hentry","category-actualidad","category-nacionales","category-portada","category-uncategorized"],"_links":{"self":[{"href":"https:\/\/cobertura.com.do\/vok\/wp-json\/wp\/v2\/posts\/75900","targetHints":{"allow":["GET"]}}],"collection":[{"href":"https:\/\/cobertura.com.do\/vok\/wp-json\/wp\/v2\/posts"}],"about":[{"href":"https:\/\/cobertura.com.do\/vok\/wp-json\/wp\/v2\/types\/post"}],"author":[{"embeddable":true,"href":"https:\/\/cobertura.com.do\/vok\/wp-json\/wp\/v2\/users\/3"}],"replies":[{"embeddable":true,"href":"https:\/\/cobertura.com.do\/vok\/wp-json\/wp\/v2\/comments?post=75900"}],"version-history":[{"count":1,"href":"https:\/\/cobertura.com.do\/vok\/wp-json\/wp\/v2\/posts\/75900\/revisions"}],"predecessor-version":[{"id":75902,"href":"https:\/\/cobertura.com.do\/vok\/wp-json\/wp\/v2\/posts\/75900\/revisions\/75902"}],"wp:featuredmedia":[{"embeddable":true,"href":"https:\/\/cobertura.com.do\/vok\/wp-json\/wp\/v2\/media\/75901"}],"wp:attachment":[{"href":"https:\/\/cobertura.com.do\/vok\/wp-json\/wp\/v2\/media?parent=75900"}],"wp:term":[{"taxonomy":"category","embeddable":true,"href":"https:\/\/cobertura.com.do\/vok\/wp-json\/wp\/v2\/categories?post=75900"},{"taxonomy":"post_tag","embeddable":true,"href":"https:\/\/cobertura.com.do\/vok\/wp-json\/wp\/v2\/tags?post=75900"}],"curies":[{"name":"wp","href":"https:\/\/api.w.org\/{rel}","templated":true}]}}