{"id":75903,"date":"2026-09-03T20:46:46","date_gmt":"2026-09-03T20:46:46","guid":{"rendered":"https:\/\/cobertura.com.do\/vok\/?p=75903"},"modified":"2026-09-03T20:46:46","modified_gmt":"2026-09-03T20:46:46","slug":"en-photoimagen-2026-este-sabado-volver-alas-del-caribe-un-puente-natural","status":"publish","type":"post","link":"https:\/\/cobertura.com.do\/vok\/2026\/09\/03\/en-photoimagen-2026-este-sabado-volver-alas-del-caribe-un-puente-natural\/","title":{"rendered":"En Photoimagen 2026, este s\u00e1bado:  \u201cVolver. Alas del Caribe, un puente natural\u201d"},"content":{"rendered":"<p>&nbsp;<\/p>\n<p>&nbsp;<\/p>\n<p>&nbsp;<\/p>\n<p>&nbsp;<\/p>\n<p>&nbsp;<\/p>\n<p><span class=\"dropcap dropcap1\">S<\/span>ANTO DOMINGO.-Dentro de su programa de 20 exposiciones y 19 actividades paralelas, Photoimagen 2026 presenta este s\u00e1bado 5 de septiembre la muestra \u201cVolver. Alas del Caribe, un puente natural\u201d, del grupo Fotoguardianes de la Naturaleza, bajo la coordinaci\u00f3n del artista del lente Pedro Genaro.<\/p>\n<p>Dedicada a las aves migratorias que visitan Rep\u00fablica Dominicana desde diferentes \u00e1reas geogr\u00e1ficas, la exhibici\u00f3n fotogr\u00e1fica tendr\u00e1 lugar en el Museo de Historia Natural, en la Plaza de la Cultura, Santo Domingo, a las 10:00 a. m.<\/p>\n<p>\u201cVolver. Alas del Caribe, un puente natural\u201d, cuenta con el patrocinio del Banco Popular Dominicano, la Fundaci\u00f3n Propagas y el Grupo Propagas; as\u00ed como con el apoyo de la Fundaci\u00f3n Imagen \u201983.<\/p>\n<p>La muestra busca visibilizar las aves migratorias, viajeras incansables cuya presencia sostiene el equilibrio ecol\u00f3gico de la regi\u00f3n. \u201cRevelar su mundo es el\u00a0 aporte del grupo fotogr\u00e1fico a la educaci\u00f3n ambiental, al ecoturismo y a la conservaci\u00f3n de los h\u00e1bitats compartidos\u201d, explic\u00f3 Pedro Genaro.<\/p>\n<p>Fotoguardianes de la Naturaleza entiende que \u201cel arte y la educaci\u00f3n son herramientas transformadoras. Informan a quienes toman las decisiones pol\u00edticas y empoderan a los ciudadanos de hoy y a las generaciones futuras, a quienes aspiramos a heredar un rol activo como vigilantes del patrimonio natural de nuestro pa\u00eds\u201d, concluy\u00f3.<\/p>\n<p>&nbsp;<\/p>\n","protected":false},"excerpt":{"rendered":"<p>&nbsp; &nbsp; &nbsp; &nbsp; &nbsp; SANTO DOMINGO.-Dentro de su programa de 20 exposiciones y 19 actividades paralelas, Photoimagen 2026 presenta este s\u00e1bado 5 de septiembre la muestra \u201cVolver. Alas del Caribe, un puente natural\u201d, del grupo Fotoguardianes de la Naturaleza, bajo la coordinaci\u00f3n del artista del lente Pedro Genaro. Dedicada a las aves migratorias que [&hellip;]<\/p>\n","protected":false},"author":3,"featured_media":75904,"comment_status":"open","ping_status":"closed","sticky":false,"template":"","format":"standard","meta":{"footnotes":""},"categories":[2,29,3],"tags":[],"class_list":["post-75903","post","type-post","status-publish","format-standard","has-post-thumbnail","hentry","category-actualidad","category-medioambiente","category-portada"],"_links":{"self":[{"href":"https:\/\/cobertura.com.do\/vok\/wp-json\/wp\/v2\/posts\/75903","targetHints":{"allow":["GET"]}}],"collection":[{"href":"https:\/\/cobertura.com.do\/vok\/wp-json\/wp\/v2\/posts"}],"about":[{"href":"https:\/\/cobertura.com.do\/vok\/wp-json\/wp\/v2\/types\/post"}],"author":[{"embeddable":true,"href":"https:\/\/cobertura.com.do\/vok\/wp-json\/wp\/v2\/users\/3"}],"replies":[{"embeddable":true,"href":"https:\/\/cobertura.com.do\/vok\/wp-json\/wp\/v2\/comments?post=75903"}],"version-history":[{"count":1,"href":"https:\/\/cobertura.com.do\/vok\/wp-json\/wp\/v2\/posts\/75903\/revisions"}],"predecessor-version":[{"id":75905,"href":"https:\/\/cobertura.com.do\/vok\/wp-json\/wp\/v2\/posts\/75903\/revisions\/75905"}],"wp:featuredmedia":[{"embeddable":true,"href":"https:\/\/cobertura.com.do\/vok\/wp-json\/wp\/v2\/media\/75904"}],"wp:attachment":[{"href":"https:\/\/cobertura.com.do\/vok\/wp-json\/wp\/v2\/media?parent=75903"}],"wp:term":[{"taxonomy":"category","embeddable":true,"href":"https:\/\/cobertura.com.do\/vok\/wp-json\/wp\/v2\/categories?post=75903"},{"taxonomy":"post_tag","embeddable":true,"href":"https:\/\/cobertura.com.do\/vok\/wp-json\/wp\/v2\/tags?post=75903"}],"curies":[{"name":"wp","href":"https:\/\/api.w.org\/{rel}","templated":true}]}}