{"id":75920,"date":"2026-09-04T21:42:51","date_gmt":"2026-09-04T21:42:51","guid":{"rendered":"https:\/\/cobertura.com.do\/vok\/?p=75920"},"modified":"2026-09-04T21:42:51","modified_gmt":"2026-09-04T21:42:51","slug":"ministerio-de-la-mujer-capacita-a-lideres-comunitarios-sobre-violencia-de-genero","status":"publish","type":"post","link":"https:\/\/cobertura.com.do\/vok\/2026\/09\/04\/ministerio-de-la-mujer-capacita-a-lideres-comunitarios-sobre-violencia-de-genero\/","title":{"rendered":"Ministerio de la Mujer capacita a l\u00edderes comunitarios sobre violencia de g\u00e9nero"},"content":{"rendered":"<hr \/>\n<p>Cobertura.- \u00a0El Ministerio de la Mujer capacit\u00f3 a decenas l\u00edderes comunitarios en violencia de g\u00e9nero, en el marco de la implementaci\u00f3n de la iniciativa \u00abEntorno seguro y desarrollo integral de las mujeres\u00bb.<\/p>\n<p>La ministra Gloria Reyes inform\u00f3 sobre la jornada realizada en la Escuela de Igualdad Magaly Pineda de la instituci\u00f3n, que se trata del primero de m\u00faltiples talleres que ser\u00e1n llevados a cabo, con el objetivo de concientizar a los l\u00edderes comunitarios sobre la problem\u00e1tica, y constituir con ellos una red de prevenci\u00f3n de violencia hacia las mujeres y el acompa\u00f1amiento de las v\u00edctimas.<\/p>\n<p>Reyes expres\u00f3 que los l\u00edderes comunitarios juegan un rol esencial para vigilar la ocurrencia de este tipo de violencia en su sector, para concientizar y de alguna manera desmotivar a muchos agresores para que no contin\u00faen su pr\u00e1ctica, observando a personas empoderadas en contra de ese tema.<\/p>\n<p>La funcionaria indic\u00f3 que es fundamental para enfrentar con eficacia la violencia contra las mujeres, el desconstruir la cultura machista con la realizaci\u00f3n de campa\u00f1as de concientizaci\u00f3n desde las comunidades.<\/p>\n<p>La jornada formativa cont\u00f3 con la participaci\u00f3n como facilitadoras de Graciela Morales Pacheco, del Centro para la Acci\u00f3n Femenina CIPAF, y Silvia Soto Fern\u00e1ndez, del Centro de Investigaciones Pol\u00edticas y Sociales.<\/p>\n","protected":false},"excerpt":{"rendered":"<p>Cobertura.- \u00a0El Ministerio de la Mujer capacit\u00f3 a decenas l\u00edderes comunitarios en violencia de g\u00e9nero, en el marco de la implementaci\u00f3n de la iniciativa \u00abEntorno seguro y desarrollo integral de las mujeres\u00bb. La ministra Gloria Reyes inform\u00f3 sobre la jornada realizada en la Escuela de Igualdad Magaly Pineda de la instituci\u00f3n, que se trata del [&hellip;]<\/p>\n","protected":false},"author":2,"featured_media":75921,"comment_status":"open","ping_status":"closed","sticky":false,"template":"","format":"standard","meta":{"footnotes":""},"categories":[2,7,4],"tags":[],"class_list":["post-75920","post","type-post","status-publish","format-standard","has-post-thumbnail","hentry","category-actualidad","category-educacion","category-nacionales"],"_links":{"self":[{"href":"https:\/\/cobertura.com.do\/vok\/wp-json\/wp\/v2\/posts\/75920","targetHints":{"allow":["GET"]}}],"collection":[{"href":"https:\/\/cobertura.com.do\/vok\/wp-json\/wp\/v2\/posts"}],"about":[{"href":"https:\/\/cobertura.com.do\/vok\/wp-json\/wp\/v2\/types\/post"}],"author":[{"embeddable":true,"href":"https:\/\/cobertura.com.do\/vok\/wp-json\/wp\/v2\/users\/2"}],"replies":[{"embeddable":true,"href":"https:\/\/cobertura.com.do\/vok\/wp-json\/wp\/v2\/comments?post=75920"}],"version-history":[{"count":1,"href":"https:\/\/cobertura.com.do\/vok\/wp-json\/wp\/v2\/posts\/75920\/revisions"}],"predecessor-version":[{"id":75922,"href":"https:\/\/cobertura.com.do\/vok\/wp-json\/wp\/v2\/posts\/75920\/revisions\/75922"}],"wp:featuredmedia":[{"embeddable":true,"href":"https:\/\/cobertura.com.do\/vok\/wp-json\/wp\/v2\/media\/75921"}],"wp:attachment":[{"href":"https:\/\/cobertura.com.do\/vok\/wp-json\/wp\/v2\/media?parent=75920"}],"wp:term":[{"taxonomy":"category","embeddable":true,"href":"https:\/\/cobertura.com.do\/vok\/wp-json\/wp\/v2\/categories?post=75920"},{"taxonomy":"post_tag","embeddable":true,"href":"https:\/\/cobertura.com.do\/vok\/wp-json\/wp\/v2\/tags?post=75920"}],"curies":[{"name":"wp","href":"https:\/\/api.w.org\/{rel}","templated":true}]}}